{"id":15758,"date":"2020-05-19T10:54:38","date_gmt":"2020-05-19T08:54:38","guid":{"rendered":"https:\/\/www.sibuscascoche.com\/noticias\/?p=15758"},"modified":"2020-05-26T08:46:29","modified_gmt":"2020-05-26T06:46:29","slug":"cambios-itv-fase-1-desescalada","status":"publish","type":"post","link":"https:\/\/www.sibuscascoche.com\/noticias\/2020\/cambios-itv-fase-1-desescalada\/","title":{"rendered":"Los cambios en la ITV durante la fase 1 de desescalada"},"content":{"rendered":"<p><\/p>\n<p><strong>Las estaciones de ITV ya se han puesto en marcha estos d\u00edas en las provincias que se encuentran en la fase 1 del plan de desescalada.<\/strong> De esta forma, pretenden recuperar el ritmo perdido y evitar colapsos. Este servicio empieza a renaudarse, por lo que los conductores deben vigilar la fecha de caducidad de su inspecci\u00f3n. Sin embargo, el contexto general no ha cambiado y los conductores que tengan la ITV vencida no ser\u00e1n multados todav\u00eda. <\/p>\n<p><\/p>\n<p><\/p>\n<h2 class=\"wp-block-heading\">Medidas de protecci\u00f3n en las ITV<\/h2>\n<p><\/p>\n<p><\/p>\n<p>Seg\u00fan recoge la orden publicada el 9 de mayo en el Bolet\u00edn Oficial del Estado (BOE),<strong> durante la fase 1 tienen permiso para abrir todas las ITV. <\/strong>Incluidas aquellas con m\u00e1s de 400 metros cuadrados. <strong>Las \u00fanicas limitaciones que tendr\u00e1n las estaciones ser\u00e1n la reducci\u00f3n del aforo al 30% y la obligatoriedad de acudir con cita para evitar aglomeraciones. <\/strong><\/p>\n<p><\/p>\n<p><\/p>\n<div class=\"wp-block-media-text alignwide has-media-on-the-right\">\n<figure class=\"wp-block-media-text__media\"><img loading=\"lazy\" decoding=\"async\" width=\"300\" height=\"200\" src=\"https:\/\/www.sibuscascoche.com\/noticias\/wp-content\/uploads\/2020\/05\/Revision-ITV-fase-1-desescalada.jpg\" alt=\" ITV fase desescalada\" class=\"wp-image-15768\"\/><\/figure>\n<div class=\"wp-block-media-text__content\"><\/p>\n<p> <strong>Los conductores con las ITV caducadas desde el 15 de marzo son los primeros que deber\u00edan ponerse en marcha. Aunque como ya mencionamos antes, estos conductores todav\u00eda no ser\u00e1n multados. <\/strong>Como indica la p\u00e1gina web de la DGT, \u00absi la ITV de tu veh\u00edculo ha caducado durante el per\u00edodo de estado de alarma, esta se considerar\u00e1 prorrogada hasta 30 d\u00edas naturales una vez finalice el \u00faltimo estado de alarma\u00bb.  <\/p>\n<p><\/div>\n<\/div>\n<p><\/p>\n<p><\/p>\n<p>Adem\u00e1s, <strong>los centros de inspecci\u00f3n han establecido medidas de higiene habituales en cualquier comercio.<\/strong> Los empleados llevar\u00e1n elementos de protecci\u00f3n personal, se usar\u00e1n geles hidroalcoh\u00f3licos, las instalaciones estar\u00e1n desinfectadas. Y, sobre todo, se mantendr\u00e1 la distancia y se reducir\u00e1 el aforo en las oficinas. Por eso tambi\u00e9n las estaciones aconsejan el pago online de las tasas.<\/p>\n<p><\/p>\n<p><\/p>\n<p><strong>Uno de los cambios m\u00e1s sustanciales en la forma de trabajar tendr\u00e1 lugar en la propia revisi\u00f3n del coche. <\/strong>Seg\u00fan el manual de procedimiento publicado por el Ministerio de Industria, \u00abla inspecci\u00f3n t\u00e9cnica de veh\u00edculos se efectuar\u00e1 con el inspector situado en el exterior del veh\u00edculo, sin acceder al habit\u00e1culo o puesto de conducci\u00f3n\u00bb y el conductor deber\u00e1 seguir las instrucciones del inspector. Como indica el documento, \u00aben concreto, las indicaciones podr\u00e1n referirse (&#8230;) al estado de los testigos de funcionamiento en el cuadro de los indicadores, accionamiento de frenos o acelerador, encendido y\/o apagado del motor\u00bb y, entre otros, al \u00abmontaje o desmontaje de elementos no fijos\u00bb como los sistemas de retenci\u00f3n infantil.<\/p>\n<p><\/p>\n<p><\/p>\n<h2 class=\"wp-block-heading\">\u00bfCu\u00e1l es el plazo para pasar la ITV?<\/h2>\n<p><\/p>\n<p><\/p>\n<p>La patronal <a href=\"https:\/\/www.aeca-itv.com\/\" target=\"_blank\" rel=\"noopener\">AECA-ITV,<\/a> que agrupa 440 centro de inspecci\u00f3n de ITV (pr\u00e1cticamente todos los de Espa\u00f1a), prev\u00e9 un colapso del servicio si no hay una moratoria especial por parte del Ministerio de Sanidad. La actual pr\u00f3rroga del estado de alarma concluye el 24 de mayo.<strong> Si no hubiera m\u00e1s pr\u00f3rrogas, las estaciones de ITV deber\u00edan revisar hasta el 23 de junio todos los veh\u00edculos cuyo plazo venza en ese per\u00edodo. Incluidos los que se hayan acumulado desde el 15 de marzo. <\/strong><\/p>\n<p><\/p>\n<p><\/p>\n<p>La vuelta a la actividad de esta semana ha conseguido rebajar algo la tensi\u00f3n. Pero desde que se decret\u00f3 el estado de alarma han caducado entorno a cuatro millones de inspecciones. En AECA-ITV se\u00f1alan que su capacidad es de 1.800.000 revisiones al mes. Esto supondr\u00eda \u00abmultiplicar entre 2,8 a 3 veces la capacidad de inspecciones, lo que resulta inviable\u00bb seg\u00fan la asociaci\u00f3n.<\/p>\n<p><\/p>\n<p><\/p>\n<p><strong>AECA-ITV ha pedido una pr\u00f3rroga de los plazos hasta el 30 de septiembre para recuperar las inspecciones atrasadas.<\/strong> Tambi\u00e9n ha solicitado al Ministerio de Sanidad una orden espec\u00edfica que permita dar prioridad a determinados veh\u00edculos y establecer un calendario ordenado y com\u00fan. De momento, las redes de estaciones (y los centros individuales que no pertenecen a ninguna red) operan cada una a su entender. <\/p>\n<p><\/p>\n","protected":false},"excerpt":{"rendered":"<p>Las estaciones de ITV ya se han puesto en marcha estos d\u00edas en las provincias que se encuentran en la fase 1 del plan de desescalada. De esta forma, pretenden<\/p>\n","protected":false},"author":6,"featured_media":15763,"comment_status":"closed","ping_status":"open","sticky":false,"template":"","format":"standard","meta":{"footnotes":""},"categories":[1],"tags":[],"class_list":["post-15758","post","type-post","status-publish","format-standard","has-post-thumbnail","hentry","category-actualidad"],"_links":{"self":[{"href":"https:\/\/www.sibuscascoche.com\/noticias\/wp-json\/wp\/v2\/posts\/15758","targetHints":{"allow":["GET"]}}],"collection":[{"href":"https:\/\/www.sibuscascoche.com\/noticias\/wp-json\/wp\/v2\/posts"}],"about":[{"href":"https:\/\/www.sibuscascoche.com\/noticias\/wp-json\/wp\/v2\/types\/post"}],"author":[{"embeddable":true,"href":"https:\/\/www.sibuscascoche.com\/noticias\/wp-json\/wp\/v2\/users\/6"}],"replies":[{"embeddable":true,"href":"https:\/\/www.sibuscascoche.com\/noticias\/wp-json\/wp\/v2\/comments?post=15758"}],"version-history":[{"count":16,"href":"https:\/\/www.sibuscascoche.com\/noticias\/wp-json\/wp\/v2\/posts\/15758\/revisions"}],"predecessor-version":[{"id":15810,"href":"https:\/\/www.sibuscascoche.com\/noticias\/wp-json\/wp\/v2\/posts\/15758\/revisions\/15810"}],"wp:featuredmedia":[{"embeddable":true,"href":"https:\/\/www.sibuscascoche.com\/noticias\/wp-json\/wp\/v2\/media\/15763"}],"wp:attachment":[{"href":"https:\/\/www.sibuscascoche.com\/noticias\/wp-json\/wp\/v2\/media?parent=15758"}],"wp:term":[{"taxonomy":"category","embeddable":true,"href":"https:\/\/www.sibuscascoche.com\/noticias\/wp-json\/wp\/v2\/categories?post=15758"},{"taxonomy":"post_tag","embeddable":true,"href":"https:\/\/www.sibuscascoche.com\/noticias\/wp-json\/wp\/v2\/tags?post=15758"}],"curies":[{"name":"wp","href":"https:\/\/api.w.org\/{rel}","templated":true}]}}