{"id":15613,"date":"2020-04-15T17:11:15","date_gmt":"2020-04-15T15:11:15","guid":{"rendered":"https:\/\/www.sibuscascoche.com\/noticias\/?p=15613"},"modified":"2020-05-15T17:11:30","modified_gmt":"2020-05-15T15:11:30","slug":"volkswaguen-polo-opel-corsa-vendidos-europa","status":"publish","type":"post","link":"https:\/\/www.sibuscascoche.com\/noticias\/2020\/volkswaguen-polo-opel-corsa-vendidos-europa\/","title":{"rendered":"Volkswagen Polo y Opel Corsa, entre los modelos de coches m\u00e1s vendidos en Europa"},"content":{"rendered":"<p><\/p>\n<p><strong>Las ventas del Volkswagen Polo y del Opel Corsa han situado a estos populares modelos entre los diez coches m\u00e1s vendidos en Europa  durante el mes de enero<\/strong>. <\/p>\n<p><\/p>\n<p><\/p>\n<h2 class=\"wp-block-heading\">Modelos de coches espa\u00f1oles m\u00e1s vendidos en enero<\/h2>\n<p><\/p>\n<p><!-- \/wp:paragraph --><\/p>\n<p><!-- \/wp:media-text --><\/p>\n<p><!-- wp:paragraph --><\/p>\n<p><strong>El Volkswagen Polo<\/strong>, producido en la fabrica de Volkswagen de Navarra, <strong>se<img loading=\"lazy\" decoding=\"async\" class=\"alignright size-medium wp-image-15636\" src=\"https:\/\/www.sibuscascoche.com\/noticias\/wp-content\/uploads\/2020\/04\/Opel-Corsa-Rojo-300x200.jpg\" alt=\"Volkswagen Opel ventas Europa Sibuscascoche.com\" width=\"300\" height=\"200\" \/> situ\u00f3 como el quinto modelo de coche m\u00e1s matriculado en Europa<\/strong> en enero con 20.037 unidades. Mientras que <strong>el Opel Corsa<\/strong>, ensamblado en Zaragoza, <strong>fue el sexto modelo m\u00e1s vendido<\/strong> con 18.756 unidades. Entre<strong> los 25 veh\u00edculos m\u00e1s vendidos en Europa podemos encontrar m\u00e1s modelos producidos en Espa\u00f1a.<\/strong> Uno es el <strong>Volkswagen T-Cross<\/strong>, fabricado tambi\u00e9n en Navarra, que se coloca en la posici\u00f3n diecinueve de esa lista con 12.880 unidades. Tambi\u00e9n est\u00e1 el <strong>Renault Captur,<\/strong> producido en Valladolid, que ocup\u00f3 el puesto veintid\u00f3s con 12.623 unidades.<\/p>\n<p><!-- \/wp:paragraph --><\/p>\n<p><!-- wp:heading --><\/p>\n<h2>Aumentan las ventas de coches el\u00e9ctricos<\/h2>\n<p><!-- \/wp:heading --><\/p>\n<p><!-- wp:paragraph --><\/p>\n<p>Destaca tambi\u00e9n el descenso de las ventas en el mercado automovil\u00edstico europeo por la entrada en vigor de la nueva normativa de emisiones (1 de enero de 2020). Sin embargo, <strong>los modelos el\u00e9ctricos fueron \u00abel \u00fanico motor de crecimiento\u00bb<\/strong> que durante enero experiment\u00f3 un aumento del 72 % de las matriculaciones respecto al mismo mes de 2019. Las matriculaciones de veh\u00edculos di\u00e9sel y gasolina cayeron un 17 % (representando el 30 % total de las matriculaciones) y un 12 % (con el 55 % del total) respectivamente.<\/p>\n<p><!-- \/wp:paragraph --><\/p>\n<p><!-- wp:paragraph --><\/p>\n<p><!-- \/wp:paragraph --><\/p>\n<p><!-- wp:heading --><\/p>\n<h2>Las marcas m\u00e1s vendidas en Espa\u00f1a<\/h2>\n<p><!-- \/wp:heading --><\/p>\n<p><!-- wp:paragraph --><\/p>\n<p><strong><a href=\"https:\/\/www.sibuscascoche.com\/coches-ocasion\/seat\">Seat<\/a> volvi\u00f3 a ser la marca automovil\u00edstica que m\u00e1s coches matricul\u00f3 en Espa\u00f1a en febrero<\/strong>. Entreg\u00f3 8.556 unidades, suponiendo un 1,68 % m\u00e1s en comparaci\u00f3n con el mismo mes del a\u00f1o pasado. Peugot fue la segunda marca con m\u00e1s ventas (7.812 unidades, -9,15 %) seguida de Volkswagen (6.880 unidades, +2,7 %) y Renault (6.290 unidades, -10,67 %). Las marcas que finalizan esta lista son Toyota (5.954 unidades, +21,71 %), Kia (5.954 unidades, +24,07 %), Citro\u00ebn (5.570 unidades, -0,2 %), Audi (4.839 unidades, +2,43 %), Opel (4.478 unidades, -27,2 %) y con Nissan (4.342 unidades, +22,8 %) en el d\u00e9cimo puesto.<\/p>\n<p><!-- \/wp:paragraph --><\/p>\n<p><!-- wp:paragraph --><\/p>\n<p>Si quieres conocer este modelo de <a href=\"https:\/\/www.sibuscascoche.com\/coches-ocasion\/volkswagen\">Volkswagen<\/a>, <a href=\"https:\/\/www.sibuscascoche.com\/coches-ocasion\/opel\">Opel<\/a> u otros veh\u00edculos de ocasi\u00f3n no dudes en visitar <a href=\"https:\/\/www.sibuscascoche.com\/\">Sibuscascoche.<\/a><\/p>\n<p><!-- \/wp:paragraph --><\/p>\n","protected":false},"excerpt":{"rendered":"<p>Las ventas del Volkswagen Polo y del Opel Corsa han situado a estos populares modelos entre los diez coches m\u00e1s vendidos en Europa durante el mes de enero. Modelos de<\/p>\n","protected":false},"author":6,"featured_media":15633,"comment_status":"closed","ping_status":"open","sticky":false,"template":"","format":"standard","meta":{"footnotes":""},"categories":[1],"tags":[],"class_list":["post-15613","post","type-post","status-publish","format-standard","has-post-thumbnail","hentry","category-actualidad"],"_links":{"self":[{"href":"https:\/\/www.sibuscascoche.com\/noticias\/wp-json\/wp\/v2\/posts\/15613","targetHints":{"allow":["GET"]}}],"collection":[{"href":"https:\/\/www.sibuscascoche.com\/noticias\/wp-json\/wp\/v2\/posts"}],"about":[{"href":"https:\/\/www.sibuscascoche.com\/noticias\/wp-json\/wp\/v2\/types\/post"}],"author":[{"embeddable":true,"href":"https:\/\/www.sibuscascoche.com\/noticias\/wp-json\/wp\/v2\/users\/6"}],"replies":[{"embeddable":true,"href":"https:\/\/www.sibuscascoche.com\/noticias\/wp-json\/wp\/v2\/comments?post=15613"}],"version-history":[{"count":45,"href":"https:\/\/www.sibuscascoche.com\/noticias\/wp-json\/wp\/v2\/posts\/15613\/revisions"}],"predecessor-version":[{"id":15753,"href":"https:\/\/www.sibuscascoche.com\/noticias\/wp-json\/wp\/v2\/posts\/15613\/revisions\/15753"}],"wp:featuredmedia":[{"embeddable":true,"href":"https:\/\/www.sibuscascoche.com\/noticias\/wp-json\/wp\/v2\/media\/15633"}],"wp:attachment":[{"href":"https:\/\/www.sibuscascoche.com\/noticias\/wp-json\/wp\/v2\/media?parent=15613"}],"wp:term":[{"taxonomy":"category","embeddable":true,"href":"https:\/\/www.sibuscascoche.com\/noticias\/wp-json\/wp\/v2\/categories?post=15613"},{"taxonomy":"post_tag","embeddable":true,"href":"https:\/\/www.sibuscascoche.com\/noticias\/wp-json\/wp\/v2\/tags?post=15613"}],"curies":[{"name":"wp","href":"https:\/\/api.w.org\/{rel}","templated":true}]}}