{"id":15591,"date":"2020-03-25T11:34:33","date_gmt":"2020-03-25T10:34:33","guid":{"rendered":"https:\/\/www.sibuscascoche.com\/noticias\/?p=15591"},"modified":"2020-03-25T11:34:34","modified_gmt":"2020-03-25T10:34:34","slug":"estado-alarma-conductores","status":"publish","type":"post","link":"https:\/\/www.sibuscascoche.com\/noticias\/2020\/estado-alarma-conductores\/","title":{"rendered":"Estado de alarma por coronavirus: restricciones para los conductores"},"content":{"rendered":"<p><\/p>\n<p>Con motivo de la r\u00e1pida propagaci\u00f3n y facilidad de contagio del coronavirus COVID-19, Espa\u00f1a se ha visto obligada a instaurar el Estado de alarma y adoptar medidas extraordinarias de prevenci\u00f3n. Para preservar la salud tanto de nuestros trabajadores como de nuestros clientes, en Sibuscascoche hemos <strong>cerrado<\/strong> todos nuestros <strong>centros f\u00edsicos.<\/strong> No obstante, nuestros asesores comerciales est\u00e1n disponibles en el tel\u00e9fono 900 81 51 55 y nuestra web sigue activa las 24 horas del d\u00eda todos los d\u00edas. Adem\u00e1s, superados los primeros d\u00edas de confusi\u00f3n del Estado de alarma, vamos aclarar tus dudas sobre qu\u00e9 puedes y qu\u00e9 no puedes hacer con tu coche durante la cuarentena. <\/p>\n<p><\/p>\n<p><\/p>\n<h4 class=\"wp-block-heading\">\u00bfD\u00f3nde puedes desplazarte con el coche?<\/h4>\n<p><\/p>\n<p><\/p>\n<p>En lo que dura la situaci\u00f3n que estamos atravesando, los <strong>desplazamientos en coche<\/strong> estar\u00e1n bastante <strong>restringidos<\/strong>. El uso del veh\u00edculo se ver\u00e1 limitado a los viajes estrictamente necesarios y debidamente justificados como son: <\/p>\n<p><\/p>\n<p><\/p>\n<div class=\"wp-block-image\">\n<figure class=\"alignright\"><img loading=\"lazy\" decoding=\"async\" width=\"300\" height=\"200\" src=\"https:\/\/www.sibuscascoche.com\/noticias\/wp-content\/uploads\/2020\/03\/estado-alarma.jpg\" alt=\"estado de alarma, Concesionario Galicia\" class=\"wp-image-15592\"\/><\/figure>\n<\/div>\n<p><\/p>\n<p><\/p>\n<ul class=\"wp-block-list\">\n<li>Adquisici\u00f3n de <strong>bienes de primera necesidad<\/strong> como alimentos o productos farmac\u00e9uticos.<\/li>\n<li>Asistencia a <strong>centros sanitarios<\/strong><\/li>\n<li>Cuidado de <strong>personas dependientes<\/strong><\/li>\n<li>Gestiones en <strong>entidades financieras<\/strong><\/li>\n<li>Desplazamiento al lugar de <strong>trabajo<\/strong> y regreso al lugar de residencia habitual<\/li>\n<li>Por causas de fuerza mayor u otra actividad justificada <\/li>\n<\/ul>\n<p><\/p>\n<p><\/p>\n<p>En el caso del traslado al lugar de trabajo, la empresa deber\u00e1 proporcionar un <strong>certificado<\/strong> que corrobore que el desplazamiento se debe a causas laborales. <\/p>\n<p><\/p>\n<p><\/p>\n<h4 class=\"wp-block-heading\">Cierre de ITV, talleres y concesionarios <\/h4>\n<p><\/p>\n<p><\/p>\n<p>Las medidas extraordinarias adoptadas por el Gobierno implican el <strong>cierre<\/strong> de aquellos negocios que dispongan de atenci\u00f3n al p\u00fablico o contacto directo con m\u00faltiples personas. Este es el caso de <strong>ITV, concesionarios y talleres<\/strong> de reparaci\u00f3n, que han cerrado sus puertas conforme a lo establecido en el Real Decreto. En el caso de aquellos conductores que tuvieran pr\u00f3xima la revisi\u00f3n de su veh\u00edculo, la patronal AECA ITV informa de la suspensi\u00f3n de los plazos  para efectuar las inspecciones. Sin embargo, en cuanto termine este per\u00edodo de cuarentena, dichos conductores deber\u00e1n llevar sus coches a pasar la inspecci\u00f3n lo antes posible. <\/p>\n<p><\/p>\n<p><\/p>\n<p>Respecto a los concesionarios, durante los primeros d\u00edas se han puesto en contacto con sus clientes para efectuar la entrega de veh\u00edculos que ya estuvieran facturados o financiados. Una vez realizadas estas gestiones, todos estos centros han cerrado sus puertas. <\/p>\n<p><\/p>\n<p><\/p>\n<p>En el caso de los talleres, algunas asociaciones consideran que esta actividad se incluye dentro de los \u201cservicios esenciales\u201d. Otras, en cambio, han recomendado el cierre de estos establecimientos. Por tanto, sobre todo dependiendo de la comunidad aut\u00f3noma, habr\u00e1 talleres de reparaci\u00f3n que permanezcan abiertos durante el Estado de alarma y otros que no. <\/p>\n<p><\/p>\n<p><\/p>\n<p>Tambi\u00e9n, en los \u00faltimos d\u00edas, la <strong>DGT<\/strong> ha puesto en marcha su aplicaci\u00f3n miDGT, en la que los conductores pueden tener su <strong>carn\u00e9 de conducir digital<\/strong>. Esta app permitir\u00e1, durante este per\u00edodo, agilizar los tr\u00e1mites de Tr\u00e1fico online. <\/p>\n<p><\/p>\n","protected":false},"excerpt":{"rendered":"<p>Con motivo de la r\u00e1pida propagaci\u00f3n y facilidad de contagio del coronavirus COVID-19, Espa\u00f1a se ha visto obligada a instaurar el Estado de alarma y adoptar medidas extraordinarias de prevenci\u00f3n.<\/p>\n","protected":false},"author":1,"featured_media":15593,"comment_status":"closed","ping_status":"open","sticky":false,"template":"","format":"standard","meta":{"footnotes":""},"categories":[1],"tags":[],"class_list":["post-15591","post","type-post","status-publish","format-standard","has-post-thumbnail","hentry","category-actualidad"],"_links":{"self":[{"href":"https:\/\/www.sibuscascoche.com\/noticias\/wp-json\/wp\/v2\/posts\/15591","targetHints":{"allow":["GET"]}}],"collection":[{"href":"https:\/\/www.sibuscascoche.com\/noticias\/wp-json\/wp\/v2\/posts"}],"about":[{"href":"https:\/\/www.sibuscascoche.com\/noticias\/wp-json\/wp\/v2\/types\/post"}],"author":[{"embeddable":true,"href":"https:\/\/www.sibuscascoche.com\/noticias\/wp-json\/wp\/v2\/users\/1"}],"replies":[{"embeddable":true,"href":"https:\/\/www.sibuscascoche.com\/noticias\/wp-json\/wp\/v2\/comments?post=15591"}],"version-history":[{"count":2,"href":"https:\/\/www.sibuscascoche.com\/noticias\/wp-json\/wp\/v2\/posts\/15591\/revisions"}],"predecessor-version":[{"id":15595,"href":"https:\/\/www.sibuscascoche.com\/noticias\/wp-json\/wp\/v2\/posts\/15591\/revisions\/15595"}],"wp:featuredmedia":[{"embeddable":true,"href":"https:\/\/www.sibuscascoche.com\/noticias\/wp-json\/wp\/v2\/media\/15593"}],"wp:attachment":[{"href":"https:\/\/www.sibuscascoche.com\/noticias\/wp-json\/wp\/v2\/media?parent=15591"}],"wp:term":[{"taxonomy":"category","embeddable":true,"href":"https:\/\/www.sibuscascoche.com\/noticias\/wp-json\/wp\/v2\/categories?post=15591"},{"taxonomy":"post_tag","embeddable":true,"href":"https:\/\/www.sibuscascoche.com\/noticias\/wp-json\/wp\/v2\/tags?post=15591"}],"curies":[{"name":"wp","href":"https:\/\/api.w.org\/{rel}","templated":true}]}}