{"id":15570,"date":"2020-03-04T10:45:19","date_gmt":"2020-03-04T09:45:19","guid":{"rendered":"https:\/\/www.sibuscascoche.com\/noticias\/?p=15570"},"modified":"2020-03-24T10:47:18","modified_gmt":"2020-03-24T09:47:18","slug":"descubre-volkswagen-id-3","status":"publish","type":"post","link":"https:\/\/www.sibuscascoche.com\/noticias\/2020\/descubre-volkswagen-id-3\/","title":{"rendered":"Descubre el Volkswagen ID.3"},"content":{"rendered":"<p><\/p>\n<p>Volkswagen se suma a la apuesta por lo sostenible con su nuevo coche totalmente el\u00e9ctrico: <strong>el Volkswagen ID.3<\/strong>.<\/p>\n<p><\/p>\n<p><\/p>\n<p>La marca alemana busca posicionar este nuevo modelo de etiqueta Cero como un <strong>coche el\u00e9ctrico popular y asequible<\/strong>. Y de esta forma, democratizar el mercado de veh\u00edculos sostenibles. Seg\u00fan coment\u00f3 Laura Ros, directora general de Volkswagen en Espa\u00f1a durante la presentaci\u00f3n del modelo \u201cQueremos que el coche el\u00e9ctrico deje de ser un producto de nicho\u201d.<\/p>\n<p><\/p>\n<p><\/p>\n<p>Este nuevo el\u00e9ctrico <strong>estar\u00e1 disponible con tres niveles de bater\u00eda<\/strong>. La versi\u00f3n Pure tendr\u00e1 una capacidad de 45 kWh y ofrecer\u00e1 330 km de autonom\u00eda. Por otro lado, el modelo Pro, est\u00e1 equipado con una bater\u00eda de 58 kWh, que le otorgar\u00e1 hasta 420 km. Por \u00faltimo, la versi\u00f3n Pro S, contar\u00e1 con 77 kWh y alcanzar\u00e1 hasta 550 km de autonom\u00eda.<\/p>\n<p><\/p>\n<p><\/p>\n<p>En cuanto al recarga de la bater\u00eda, en casa se podr\u00e1n recargar con un cargador del tipo Wallbox. Dependiendo del tipo de bater\u00eda tardar\u00e1 m\u00e1s o menos en recargarse. Lo m\u00e1ximo que puede tardar son ocho horas con la bater\u00eda m\u00e1s peque\u00f1a de 45 kWh. Sin embargo, en puntos de carga de alta capacidad el tiempo disminuir\u00e1 y habr\u00e1 casos en los que <strong>se pueda recuperar la energ\u00eda en tan s\u00f3lo 30 minutos<\/strong>.<\/p>\n<p><\/p>\n<p><\/p>\n<p>Otra de las caracter\u00edsticas que presenta el Volkswagen ID.3 es que, adem\u00e1s de no generar emisiones al circular, en su proceso de fabricaci\u00f3n, tampoco emite C02, convirti\u00e9ndose de esta forma, en el <strong>primer autom\u00f3vil que no presenta ning\u00fan impacto medioambiental<\/strong>.<\/p>\n<p><\/p>\n<p><\/p>\n<div class=\"wp-block-image\">\n<figure class=\"alignright\"><img loading=\"lazy\" decoding=\"async\" width=\"300\" height=\"200\" src=\"https:\/\/www.sibuscascoche.com\/noticias\/wp-content\/uploads\/2020\/03\/Volkswagen-id-exterior.jpg\" alt=\"Volkswagen ID.3 exterior, veh\u00edculo de ocasi\u00f3n, coches el\u00e9ctricos\" class=\"wp-image-15572\"\/><\/figure>\n<\/div>\n<p><\/p>\n<p><\/p>\n<p>Centr\u00e1ndonos en su dise\u00f1o, es un veh\u00edculo de tama\u00f1o mediano con 4,26 metros de longitud. Igual que otros coches el\u00e9ctricos, este cuenta con un <strong>dise\u00f1o futurista<\/strong> en el que destacan sus superficies sencillas y plana, l\u00edneas LED en el interior y exterior, as\u00ed como el contraste de dos colores que diferencian la parte superior y la inferior.<\/p>\n<p><\/p>\n<p><\/p>\n<p>Si est\u00e1s pensando en pasarte a la conducci\u00f3n sostenible, no dudes en visitar <strong><a href=\"https:\/\/www.sibuscascoche.com\">Sibuscascoche.com<\/a><\/strong>, donde podr\u00e1s encontrar una gran variedad de <strong><a href=\"https:\/\/www.sibuscascoche.com\/coches-ocasion\/hibrido\">coches de ocasi\u00f3n h\u00edbridos<\/a><\/strong>.<\/p>\n<p><\/p>\n<p><\/p>\n<p><\/p>\n","protected":false},"excerpt":{"rendered":"<p>Volkswagen se suma a la apuesta por lo sostenible con su nuevo coche totalmente el\u00e9ctrico: el Volkswagen ID.3. La marca alemana busca posicionar este nuevo modelo de etiqueta Cero como<\/p>\n","protected":false},"author":6,"featured_media":15571,"comment_status":"closed","ping_status":"open","sticky":false,"template":"","format":"standard","meta":{"footnotes":""},"categories":[1],"tags":[],"class_list":["post-15570","post","type-post","status-publish","format-standard","has-post-thumbnail","hentry","category-actualidad"],"_links":{"self":[{"href":"https:\/\/www.sibuscascoche.com\/noticias\/wp-json\/wp\/v2\/posts\/15570","targetHints":{"allow":["GET"]}}],"collection":[{"href":"https:\/\/www.sibuscascoche.com\/noticias\/wp-json\/wp\/v2\/posts"}],"about":[{"href":"https:\/\/www.sibuscascoche.com\/noticias\/wp-json\/wp\/v2\/types\/post"}],"author":[{"embeddable":true,"href":"https:\/\/www.sibuscascoche.com\/noticias\/wp-json\/wp\/v2\/users\/6"}],"replies":[{"embeddable":true,"href":"https:\/\/www.sibuscascoche.com\/noticias\/wp-json\/wp\/v2\/comments?post=15570"}],"version-history":[{"count":5,"href":"https:\/\/www.sibuscascoche.com\/noticias\/wp-json\/wp\/v2\/posts\/15570\/revisions"}],"predecessor-version":[{"id":15579,"href":"https:\/\/www.sibuscascoche.com\/noticias\/wp-json\/wp\/v2\/posts\/15570\/revisions\/15579"}],"wp:featuredmedia":[{"embeddable":true,"href":"https:\/\/www.sibuscascoche.com\/noticias\/wp-json\/wp\/v2\/media\/15571"}],"wp:attachment":[{"href":"https:\/\/www.sibuscascoche.com\/noticias\/wp-json\/wp\/v2\/media?parent=15570"}],"wp:term":[{"taxonomy":"category","embeddable":true,"href":"https:\/\/www.sibuscascoche.com\/noticias\/wp-json\/wp\/v2\/categories?post=15570"},{"taxonomy":"post_tag","embeddable":true,"href":"https:\/\/www.sibuscascoche.com\/noticias\/wp-json\/wp\/v2\/tags?post=15570"}],"curies":[{"name":"wp","href":"https:\/\/api.w.org\/{rel}","templated":true}]}}