{"id":15479,"date":"2020-02-18T15:49:41","date_gmt":"2020-02-18T14:49:41","guid":{"rendered":"https:\/\/www.sibuscascoche.com\/noticias\/?p=15479"},"modified":"2025-07-02T12:43:51","modified_gmt":"2025-07-02T10:43:51","slug":"coche-ocasion-garantia-cualquier-taller","status":"publish","type":"post","link":"https:\/\/www.sibuscascoche.com\/noticias\/2020\/coche-ocasion-garantia-cualquier-taller\/","title":{"rendered":"\u00bfUn coche de ocasi\u00f3n pierde la garant\u00eda por no ir a un taller oficial?"},"content":{"rendered":"<p><\/p>\n<p>Tras comprar un <a href=\"https:\/\/www.sibuscascoche.com\/coches-ocasion\">coche de ocasi\u00f3n<\/a>, muchos se preguntan si pueden ir a un taller independiente en caso de sufrir una aver\u00eda. Esto deriva de un miedo a perder la garant\u00eda del mismo, pero \u00bfrealmente hay alguna ley que nos obligue a llevarlo al taller oficial?<\/p>\n<p><\/p>\n<p><\/p>\n<figure class=\"wp-block-image alignright\"><img loading=\"lazy\" decoding=\"async\" width=\"300\" height=\"200\" src=\"https:\/\/www.sibuscascoche.com\/noticias\/wp-content\/uploads\/2020\/02\/garant\u00eda-coche-segunda-mano.jpg\" alt=\"garantia vehiculo de ocasion\" class=\"wp-image-15483\"\/><\/figure>\n<p><\/p>\n<p><\/p>\n<p>Empecemos primero explicando lo b\u00e1sico: \u00bfQu\u00e9 es la garant\u00eda? La garant\u00eda es un mecanismo que asegura el cumplimiento de una obligaci\u00f3n y protege al comprador y sus derechos. Normalmente, la duraci\u00f3n en cualquier producto nuevo es de dos a\u00f1os como m\u00ednimo. Debemos diferenciar entre la garant\u00eda legal y la comercial. La garant\u00eda legal es la que cubre la reparaci\u00f3n de deficiencias de f\u00e1brica del veh\u00edculo. La garant\u00eda comercial es opcional, pues es un a\u00f1adido a la legal que la mejora y complementa. <a href=\"https:\/\/www.sibuscascoche.com\/\">Los veh\u00edculos de ocasi\u00f3n o de segunda mano<\/a> tambi\u00e9n ofrecen una garant\u00eda que var\u00eda dependiendo de si el vendedor es particular o profesional. Si el vendedor es particular,&nbsp; la garant\u00eda del veh\u00edculo es de 6 meses, mientras que si es de un concesionario asciende a un a\u00f1o. En el caso del veh\u00edculo de ocasi\u00f3n, la garant\u00eda solo cubre cualquier defecto anterior a la compra.<\/p>\n<p><\/p>\n<p><\/p>\n<p>M\u00e1s all\u00e1 de los defectos de f\u00e1brica, lo cubierto por una garant\u00eda lo establece la propia marca. Todos los concesionarios deben obligatoriamente atender los veh\u00edculos de su marca mientras la garant\u00eda siga vigente. En el per\u00edodo donde a\u00fan la mantengamos, se recomienda ir al taller oficial, pero no perderemos la garant\u00eda si vamos a uno independiente.&nbsp;<br \/>Antiguamente, llevar nuestro coche a un taller extraoficial era arriesgarnos a perder nuestra garant\u00eda. Sin embargo, esto cambia con la normativa de 2010 de la Comisi\u00f3n Europea para evitar coaccionar a los conductores a ir al taller oficial. <\/p>\n<p><\/p>\n","protected":false},"excerpt":{"rendered":"<p>Tras comprar un coche de ocasi\u00f3n, muchos se preguntan si pueden ir a un taller independiente en caso de sufrir una aver\u00eda. Esto deriva de un miedo a perder la<\/p>\n","protected":false},"author":6,"featured_media":15482,"comment_status":"closed","ping_status":"open","sticky":false,"template":"","format":"standard","meta":{"footnotes":""},"categories":[1],"tags":[414],"class_list":["post-15479","post","type-post","status-publish","format-standard","has-post-thumbnail","hentry","category-actualidad","tag-coches-ocasion"],"_links":{"self":[{"href":"https:\/\/www.sibuscascoche.com\/noticias\/wp-json\/wp\/v2\/posts\/15479","targetHints":{"allow":["GET"]}}],"collection":[{"href":"https:\/\/www.sibuscascoche.com\/noticias\/wp-json\/wp\/v2\/posts"}],"about":[{"href":"https:\/\/www.sibuscascoche.com\/noticias\/wp-json\/wp\/v2\/types\/post"}],"author":[{"embeddable":true,"href":"https:\/\/www.sibuscascoche.com\/noticias\/wp-json\/wp\/v2\/users\/6"}],"replies":[{"embeddable":true,"href":"https:\/\/www.sibuscascoche.com\/noticias\/wp-json\/wp\/v2\/comments?post=15479"}],"version-history":[{"count":5,"href":"https:\/\/www.sibuscascoche.com\/noticias\/wp-json\/wp\/v2\/posts\/15479\/revisions"}],"predecessor-version":[{"id":18124,"href":"https:\/\/www.sibuscascoche.com\/noticias\/wp-json\/wp\/v2\/posts\/15479\/revisions\/18124"}],"wp:featuredmedia":[{"embeddable":true,"href":"https:\/\/www.sibuscascoche.com\/noticias\/wp-json\/wp\/v2\/media\/15482"}],"wp:attachment":[{"href":"https:\/\/www.sibuscascoche.com\/noticias\/wp-json\/wp\/v2\/media?parent=15479"}],"wp:term":[{"taxonomy":"category","embeddable":true,"href":"https:\/\/www.sibuscascoche.com\/noticias\/wp-json\/wp\/v2\/categories?post=15479"},{"taxonomy":"post_tag","embeddable":true,"href":"https:\/\/www.sibuscascoche.com\/noticias\/wp-json\/wp\/v2\/tags?post=15479"}],"curies":[{"name":"wp","href":"https:\/\/api.w.org\/{rel}","templated":true}]}}