{"id":1547,"date":"2014-02-09T11:40:50","date_gmt":"2014-02-09T10:40:50","guid":{"rendered":"https:\/\/www.sibuscascoche.com\/noticias\/?p=1547"},"modified":"2014-02-20T11:51:46","modified_gmt":"2014-02-20T10:51:46","slug":"bmw-serie-1","status":"publish","type":"post","link":"https:\/\/www.sibuscascoche.com\/noticias\/2014\/bmw-serie-1\/","title":{"rendered":"BMW Serie 1: calidad, dise\u00f1o y equipamiento"},"content":{"rendered":"<p style=\"text-align: justify;\">El <b>BMW Serie 1<\/b> es un veh\u00edculo compacto que fue anunciado en el Sal\u00f3n del Autom\u00f3vil de Par\u00eds y lanzado por la firma alemana en el a\u00f1o 2004. Sus dimensiones son semejantes a las de otros modelos del mismo segmento, aunque la distancia entre los ejes tiene una longitud mayor de lo habitual. Este veh\u00edculo puede adquirirse en modelos de 3 y 5 puertas por un precio adicional de aproximadamente 1.000 euros.<\/p>\n<p style=\"text-align: justify;\"><img loading=\"lazy\" decoding=\"async\" class=\"alignright size-full wp-image-1552\" title=\"BMW Serie 1 | Sibuscascoche.com\" alt=\"bmw serie 1, coche km0\" src=\"https:\/\/www.sibuscascoche.com\/noticias\/wp-content\/uploads\/2014\/02\/bmw-serie-1.jpg\" width=\"300\" height=\"199\" \/>Se trata de <b>un coche de frontal alargado y de pose atl\u00e9tica<\/b> que mantiene pr\u00e1cticamente a misma est\u00e9tica\u00a0 desde su lanzamiento en 2004. Eso s\u00ed, a lo largo de los a\u00f1os ha ido sufriendo ciertas modificaciones para lograr un estilo m\u00e1s moderno gracias a detalles como las luces de LED. Un dise\u00f1o que sigue atrayendo sin duda a los fan\u00e1ticos de BMW y enfocado hacia las necesidades del conductor. Es por ello que adem\u00e1s est\u00e1 dotado con una <b>pantalla central de ayuda a la conducci\u00f3n<\/b>. Excelente para manejar todos los men\u00fas del sistema multimedia y poder hacer varias cosas al mismo tiempo cuando el veh\u00edculo se encuentra parado.<\/p>\n<p style=\"text-align: justify;\">Adem\u00e1s debemos destacar que el <b>BMW Serie 1<\/b> cuenta con un maletero de gran capacidad debido a su profundidad, lo cual supone un punto a favor ya que resulta muy aprovechable. No obstante, este cambio ha conllevado perder su rueda de repuesto temporal y decantase por unos <b>neum\u00e1ticos Run Flat<\/b> que cuentan con una mayor resistencia.<\/p>\n<p style=\"text-align: justify;\">La \u00faltima versi\u00f3n, que saldr\u00e1 al mercado en 2014, incorpora algunos <b>cambios en el dise\u00f1o,<\/b> d\u00e1ndole un aire m\u00e1s deportivo gracias a sus nuevos faros y su nuevo parachoques delantero que lo hacen m\u00e1s atractivo. En cualquier caso parece que podremos verlo por primera vez en el <b>Sal\u00f3n del Autom\u00f3vil de Frankfurt<\/b> hacia el mes de septiembre. De esta forma, BMW pretende recuperar el terreno perdido tras la aparici\u00f3n del <b>Mercedes Benz Clase A<\/b> que ya ha conseguido un buen trozo del pastel en lo que a las ventas del segmento Premium se refiere.<\/p>\n<p><img loading=\"lazy\" decoding=\"async\" class=\"size-full wp-image-1553 alignleft\" style=\"text-align: justify;\" alt=\"bmw serie 1, coche km0\" src=\"https:\/\/www.sibuscascoche.com\/noticias\/wp-content\/uploads\/2014\/02\/bmw-serie-1-km0.jpg\" width=\"300\" height=\"199\" \/><\/p>\n<p style=\"text-align: justify;\">Desde su lanzamiento, las cr\u00edticas no se hicieron esperar sobre todo hacia algunos elementos como sus faros delanteros cuya forma trapezoidal y proporciones no han logrado la aceptaci\u00f3n del p\u00fablico. Es por ello que en esta nueva versi\u00f3n BMW se ha hecho especial hincapi\u00e9 en la mirada que estrenar\u00e1 el <b>facelit del nuevo veh\u00edculo<\/b> que ha cambiado por completo, con un dise\u00f1o mucho m\u00e1s parecido al de los \u00faltimos lanzamientos del fabricante alem\u00e1n. Esto no hace sino reflejar que BMW es plenamente consciente de las opiniones de sus clientes y que adem\u00e1s intenta adaptarse a ellas para cumplir sus expectativas.<\/p>\n<p style=\"text-align: justify;\">Por otro lado, debemos destacar que esta nueva versi\u00f3n estrenar\u00e1 un parachoques delantero con un dise\u00f1o de aire deportivo. Por lo dem\u00e1s, parece que en el resto de la carrocer\u00eda no habr\u00e1 cambios y se seguir\u00e1 manteniendo pr\u00e1cticamente la misma est\u00e9tica de siempre, pero con un toque m\u00e1s actual.<\/p>\n<p style=\"text-align: justify;\">En cualquier caso, con el lanzamiento de su nuevo veh\u00edculo la marca sigue caminando en la mima l\u00ednea: ofrecer un coche cada vez m\u00e1s enfocado a las necesidades de los usuarios y realizar los cambios que los mismos vayan requiriendo para lograr enfrentarse a sus principales competidores, el <b>Mercedes Benz Clase A<\/b> y el <b>Audi A3<\/b>, dos compactos de gran calado en el mercado. Y es que ante tres compactos Premium que entran dentro del mismo estilo de coche, el cliente demanda cierto est\u00e1ndar de calidad y dise\u00f1o, as\u00ed como estar a la \u00faltima en lo que a equipamiento tecnol\u00f3gico se refiere. Es por ello que es necesario estar siempre en constante evoluci\u00f3n para no quedar atr\u00e1s con respecto a otros modelos de la misma categor\u00eda.<\/p>\n","protected":false},"excerpt":{"rendered":"<p>El BMW Serie 1 es un veh\u00edculo compacto que fue anunciado en el Sal\u00f3n del Autom\u00f3vil de Par\u00eds y lanzado por la firma alemana en el a\u00f1o 2004. Sus dimensiones<\/p>\n","protected":false},"author":1,"featured_media":1551,"comment_status":"closed","ping_status":"open","sticky":false,"template":"","format":"standard","meta":{"footnotes":""},"categories":[11,7],"tags":[111],"class_list":["post-1547","post","type-post","status-publish","format-standard","has-post-thumbnail","hentry","category-fichas-turismos","category-turismos","tag-bmw"],"_links":{"self":[{"href":"https:\/\/www.sibuscascoche.com\/noticias\/wp-json\/wp\/v2\/posts\/1547","targetHints":{"allow":["GET"]}}],"collection":[{"href":"https:\/\/www.sibuscascoche.com\/noticias\/wp-json\/wp\/v2\/posts"}],"about":[{"href":"https:\/\/www.sibuscascoche.com\/noticias\/wp-json\/wp\/v2\/types\/post"}],"author":[{"embeddable":true,"href":"https:\/\/www.sibuscascoche.com\/noticias\/wp-json\/wp\/v2\/users\/1"}],"replies":[{"embeddable":true,"href":"https:\/\/www.sibuscascoche.com\/noticias\/wp-json\/wp\/v2\/comments?post=1547"}],"version-history":[{"count":3,"href":"https:\/\/www.sibuscascoche.com\/noticias\/wp-json\/wp\/v2\/posts\/1547\/revisions"}],"predecessor-version":[{"id":1554,"href":"https:\/\/www.sibuscascoche.com\/noticias\/wp-json\/wp\/v2\/posts\/1547\/revisions\/1554"}],"wp:featuredmedia":[{"embeddable":true,"href":"https:\/\/www.sibuscascoche.com\/noticias\/wp-json\/wp\/v2\/media\/1551"}],"wp:attachment":[{"href":"https:\/\/www.sibuscascoche.com\/noticias\/wp-json\/wp\/v2\/media?parent=1547"}],"wp:term":[{"taxonomy":"category","embeddable":true,"href":"https:\/\/www.sibuscascoche.com\/noticias\/wp-json\/wp\/v2\/categories?post=1547"},{"taxonomy":"post_tag","embeddable":true,"href":"https:\/\/www.sibuscascoche.com\/noticias\/wp-json\/wp\/v2\/tags?post=1547"}],"curies":[{"name":"wp","href":"https:\/\/api.w.org\/{rel}","templated":true}]}}