{"id":15275,"date":"2019-12-02T20:07:26","date_gmt":"2019-12-02T19:07:26","guid":{"rendered":"https:\/\/www.sibuscascoche.com\/noticias\/?p=15275"},"modified":"2019-12-20T10:41:37","modified_gmt":"2019-12-20T09:41:37","slug":"opel-corsa-e","status":"publish","type":"post","link":"https:\/\/www.sibuscascoche.com\/noticias\/2019\/opel-corsa-e\/","title":{"rendered":"Opel Corsa-e, la movilidad el\u00e9ctrica m\u00e1s sencilla"},"content":{"rendered":"<p><\/p>\n<p><strong>Con el Opel Corsa-e, la marca ha instaurado la movilidad el\u00e9ctrica sencilla<\/strong>. Es decir, a trav\u00e9s de una serie de funciones la vida del conductor de un Corsa el\u00e9ctrico ser\u00e1 m\u00e1s f\u00e1cil. <\/p>\n<p><\/p>\n<p><\/p>\n<h4 class=\"wp-block-heading\">\u00bfQu\u00e9 hace al Corsa-e tan especial?<\/h4>\n<p><\/p>\n<p><\/p>\n<div class=\"wp-block-image\">\n<figure class=\"alignright\"><img loading=\"lazy\" decoding=\"async\" width=\"300\" height=\"200\" src=\"https:\/\/www.sibuscascoche.com\/noticias\/wp-content\/uploads\/2019\/12\/corsa-e-interior.jpg\" alt=\"opel corsa ocasi\u00f3n\" class=\"wp-image-15277\"\/><\/figure>\n<\/div>\n<p><\/p>\n<p><\/p>\n<p>Opel ha desarrollado para su modelo el\u00e9ctrico una serie de funciones que convierten la conducci\u00f3n en una tarea sencilla y confortable. La marca ha unificado movilidad el\u00e9ctrica y tecnolog\u00eda de vanguardia en un \u00fanico veh\u00edculo que permite disfrutar de todas sus prestaciones al m\u00e1ximo.<\/p>\n<p><\/p>\n<p><\/p>\n<ul class=\"wp-block-list\">\n<li>Control remoto con Opel Connect<\/li>\n<\/ul>\n<p><\/p>\n<p><\/p>\n<p>La compa\u00f1\u00eda ha integrado en su aplicaci\u00f3n <strong>Opel Connect una serie de funciones remotas<\/strong> que permiten, entre otras cosas, programar y regular la temperatura interior del veh\u00edculo o comprobar el nivel de carga del que dispone. <\/p>\n<p><\/p>\n<p><\/p>\n<ul class=\"wp-block-list\">\n<li> Planificador de viaje<\/li>\n<\/ul>\n<p><\/p>\n<p><\/p>\n<p>Free2Move, una aplicaci\u00f3n del grupo PSA, cuenta con <strong>un completo planificador de viaje al que est\u00e1 conectado el Opel Corsa-e.<\/strong> El conductor \u00fanicamente tiene que introducir el punto de partida y de destino y la aplicaci\u00f3n le proporcionar\u00e1 toda la informaci\u00f3n sobre la ruta: trayecto m\u00e1s corto, los puntos de carga disponibles en el camino, etc. <\/p>\n<p><\/p>\n<p><\/p>\n<p>Una vez establecido el itinerario, <strong>la informaci\u00f3n se env\u00eda al sistema de navegaci\u00f3n del veh\u00edculo<\/strong> para que el usuario pueda consultarla durante el viaje. <\/p>\n<p><\/p>\n<p><\/p>\n<ul class=\"wp-block-list\">\n<li>  Opciones de carga <\/li>\n<\/ul>\n<p><\/p>\n<p><\/p>\n<p>Opel ofrece diferentes alternativas seg\u00fan las necesidades de carga de los usuarios (privada o p\u00fablica). En el caso de recargar el veh\u00edculo en casa o en el trabajo, la marca recomienda la opci\u00f3n del <strong>Wallbox<\/strong>, cuya velocidad de carga se multiplica por cinco. Este dispositivo puede instalarse tanto en la vivienda como en el lugar de trabajo, o en garajes privados o comunitarios. <\/p>\n<p><\/p>\n<p><\/p>\n<p>En caso de realizar la recarga en un lugar p\u00fablico es necesaria la contrataci\u00f3n del <strong>paquete <em>Charge My Car<\/em><\/strong>, el cual activa dos servicios. Por un lado, la <em><strong>Charging Pass<\/strong><\/em>, que da acceso a una amplia red de carga en toda Europa y que tambi\u00e9n sirve como plataforma de pago. Por otro lado, el <strong>planificador de Viaje <em>Trip Planner<\/em><\/strong>, que ofrece todas las ventajas de la <em>Charging Pass<\/em>.   <\/p>\n<p><\/p>\n<p><\/p>\n<p>Adem\u00e1s de todas las prestaciones mencionadas anteriormente, la aplicaci\u00f3n Opel Connect cuenta tambi\u00e9n con <strong>un completo plan de formaci\u00f3n en movilidad el\u00e9ctrica<\/strong> y que contiene informaci\u00f3n interesante como consejos de conducci\u00f3n, los informes de nivel de carga de bater\u00eda, etc. <\/p>\n<p><\/p>\n","protected":false},"excerpt":{"rendered":"<p>Con el Opel Corsa-e, la marca ha instaurado la movilidad el\u00e9ctrica sencilla. Es decir, a trav\u00e9s de una serie de funciones la vida del conductor de un Corsa el\u00e9ctrico ser\u00e1<\/p>\n","protected":false},"author":1,"featured_media":15279,"comment_status":"closed","ping_status":"open","sticky":false,"template":"","format":"standard","meta":{"footnotes":""},"categories":[1,10,8],"tags":[],"class_list":["post-15275","post","type-post","status-publish","format-standard","has-post-thumbnail","hentry","category-actualidad","category-hibridos-electricos","category-lanzamientos"],"_links":{"self":[{"href":"https:\/\/www.sibuscascoche.com\/noticias\/wp-json\/wp\/v2\/posts\/15275","targetHints":{"allow":["GET"]}}],"collection":[{"href":"https:\/\/www.sibuscascoche.com\/noticias\/wp-json\/wp\/v2\/posts"}],"about":[{"href":"https:\/\/www.sibuscascoche.com\/noticias\/wp-json\/wp\/v2\/types\/post"}],"author":[{"embeddable":true,"href":"https:\/\/www.sibuscascoche.com\/noticias\/wp-json\/wp\/v2\/users\/1"}],"replies":[{"embeddable":true,"href":"https:\/\/www.sibuscascoche.com\/noticias\/wp-json\/wp\/v2\/comments?post=15275"}],"version-history":[{"count":5,"href":"https:\/\/www.sibuscascoche.com\/noticias\/wp-json\/wp\/v2\/posts\/15275\/revisions"}],"predecessor-version":[{"id":15309,"href":"https:\/\/www.sibuscascoche.com\/noticias\/wp-json\/wp\/v2\/posts\/15275\/revisions\/15309"}],"wp:featuredmedia":[{"embeddable":true,"href":"https:\/\/www.sibuscascoche.com\/noticias\/wp-json\/wp\/v2\/media\/15279"}],"wp:attachment":[{"href":"https:\/\/www.sibuscascoche.com\/noticias\/wp-json\/wp\/v2\/media?parent=15275"}],"wp:term":[{"taxonomy":"category","embeddable":true,"href":"https:\/\/www.sibuscascoche.com\/noticias\/wp-json\/wp\/v2\/categories?post=15275"},{"taxonomy":"post_tag","embeddable":true,"href":"https:\/\/www.sibuscascoche.com\/noticias\/wp-json\/wp\/v2\/tags?post=15275"}],"curies":[{"name":"wp","href":"https:\/\/api.w.org\/{rel}","templated":true}]}}