{"id":15268,"date":"2019-12-02T15:51:21","date_gmt":"2019-12-02T14:51:21","guid":{"rendered":"https:\/\/www.sibuscascoche.com\/noticias\/?p=15268"},"modified":"2019-12-20T10:24:08","modified_gmt":"2019-12-20T09:24:08","slug":"audi-a8","status":"publish","type":"post","link":"https:\/\/www.sibuscascoche.com\/noticias\/2019\/audi-a8\/","title":{"rendered":"Audi A8, el modelo que representa el saber hacer de la marca"},"content":{"rendered":"<p><\/p>\n<p>El Audi A8 es <strong>la berlina de lujo de referencia en el mercado<\/strong>, y se ha convertido en el escaparate tecnol\u00f3gico de la marca. Desde hace dos a\u00f1os, cuando la nueva generaci\u00f3n vio la luz, no ha dejado de introducir innovaciones que lo han convertido en el coche representativo de Audi. <\/p>\n<p><\/p>\n<p><\/p>\n<h4 class=\"wp-block-heading\">Caracter\u00edsticas del A8<\/h4>\n<p><\/p>\n<p><\/p>\n<p><strong>Este modelo est\u00e1 disponible en dos tipos de carrocer\u00eda<\/strong>. La primera, de batalla est\u00e1ndar, con 5.172 mm de longitud, 1.945 mm de anchura y 1.473 mm de altura. La segunda, de batalla larga, que pertenece al A8 L, con 5.302 mm de longitud, 1.945 mm de anchura y 1.488 mm de altura. Ambas carrocer\u00edas ofrecen 505 litros de capacidad en su maletero. <\/p>\n<p><\/p>\n<p><\/p>\n<div class=\"wp-block-image\">\n<figure class=\"alignright\"><img loading=\"lazy\" decoding=\"async\" width=\"300\" height=\"200\" src=\"https:\/\/www.sibuscascoche.com\/noticias\/wp-content\/uploads\/2019\/12\/audi-a8-barato.jpg\" alt=\"audi a8 barato\" class=\"wp-image-15270\"\/><\/figure>\n<\/div>\n<p><\/p>\n<p><\/p>\n<p>Por su parte, en cuanto a mec\u00e1nica, <strong>esta berlina dispone de una opci\u00f3n di\u00e9sel y otra de gasolina<\/strong>.  La primera, de 286 CV, le lleva de 0 a 100 km\/h en 5,9 segundos, un consumo mixto homologado de 6,9 \u2013 7,6 l\/100 km y unas emisiones de CO2 de 180 \u2013 199 g\/km. La segunda, con 340 CV, alcanza los 100 km\/h en 5,6 segundos, gasta 9,7 \u2013 10,4 l\/100 km y emite 221 \u2013 236 g\/km de CO2. Ambos motores est\u00e1n asociados a un sistema de tracci\u00f3n total a las cuatro ruedas. <\/p>\n<p><\/p>\n<p><\/p>\n<p>A nivel tecnol\u00f3gico el A8 introduce elementos de lujo que favorecen el confort de sus ocupantes. Entre ellos est\u00e1n el Audi Virtual Cockpit, el sistema multimedia MMI de doble pantalla t\u00e1ctil, una pantalla OLED integrada en el apoyabrazos trasero, y otras dos en los respaldos de los asientos traseros o el sistema de conducci\u00f3n automatizada Audi AI traffic jam pilot. <\/p>\n<p><\/p>\n<p><\/p>\n<h4 class=\"wp-block-heading\">Nueva generaci\u00f3n el\u00e9ctrica<\/h4>\n<p><\/p>\n<p><\/p>\n<p>En su proceso de electrificaci\u00f3n, Audi incorpora a la actual generaci\u00f3n del A8 el <strong>nuevo Audi A8 60 TFSIe quattro<\/strong>. Este modelo es la <strong>primera versi\u00f3n h\u00edbrida de la berlina<\/strong>, en formato PHEV. Cuenta con un motor de 340 CV y 500 Nm con un bloque el\u00e9ctrico integrado en el embrague que a\u00f1ade otros 100 kW (134 CV) y 350 Nm, consiguiendo una potencia conjunta de 449 CV y 700 Nm de par m\u00e1ximo. Alcanza los 100 km\/h en 4,9 segundos y una velocidad m\u00e1xima limitada a 250 km\/h.<\/p>\n<p><\/p>\n<p><\/p>\n<p>La bater\u00eda, de 14,1 kWh, alimenta el motor el\u00e9ctrico con el que puede circular hasta 40 kil\u00f3metros en modo el\u00e9ctrico. Alcanza una velocidad de hasta 135 km\/h y un consumo de solo 2,7 l\/100 km, que sube a 2,8 l\/100 km en la variante de batalla larga. <strong>En materia de carga, con un cargador de 7,2 kW tarda dos horas y media<\/strong>. Con una toma dom\u00e9stica de 2,3 kW, la carga se alarga hasta las seis horas y media. <\/p>\n<p><\/p>\n<p><\/p>\n<p>La compa\u00f1\u00eda de los cuatro aros se distingue por las grandes prestaciones que ofrecen todos sus veh\u00edculos. Si quieres descubrir otros modelos de ocasi\u00f3n de Audi puedes encontrarlos en <a href=\"https:\/\/www.sibuscascoche.com\/\">Sibuscascoche.com<\/a>. <\/p>\n<p><\/p>\n","protected":false},"excerpt":{"rendered":"<p>El Audi A8 es la berlina de lujo de referencia en el mercado, y se ha convertido en el escaparate tecnol\u00f3gico de la marca. Desde hace dos a\u00f1os, cuando la<\/p>\n","protected":false},"author":1,"featured_media":15269,"comment_status":"closed","ping_status":"open","sticky":false,"template":"","format":"standard","meta":{"footnotes":""},"categories":[1,10,8],"tags":[],"class_list":["post-15268","post","type-post","status-publish","format-standard","has-post-thumbnail","hentry","category-actualidad","category-hibridos-electricos","category-lanzamientos"],"_links":{"self":[{"href":"https:\/\/www.sibuscascoche.com\/noticias\/wp-json\/wp\/v2\/posts\/15268","targetHints":{"allow":["GET"]}}],"collection":[{"href":"https:\/\/www.sibuscascoche.com\/noticias\/wp-json\/wp\/v2\/posts"}],"about":[{"href":"https:\/\/www.sibuscascoche.com\/noticias\/wp-json\/wp\/v2\/types\/post"}],"author":[{"embeddable":true,"href":"https:\/\/www.sibuscascoche.com\/noticias\/wp-json\/wp\/v2\/users\/1"}],"replies":[{"embeddable":true,"href":"https:\/\/www.sibuscascoche.com\/noticias\/wp-json\/wp\/v2\/comments?post=15268"}],"version-history":[{"count":5,"href":"https:\/\/www.sibuscascoche.com\/noticias\/wp-json\/wp\/v2\/posts\/15268\/revisions"}],"predecessor-version":[{"id":15307,"href":"https:\/\/www.sibuscascoche.com\/noticias\/wp-json\/wp\/v2\/posts\/15268\/revisions\/15307"}],"wp:featuredmedia":[{"embeddable":true,"href":"https:\/\/www.sibuscascoche.com\/noticias\/wp-json\/wp\/v2\/media\/15269"}],"wp:attachment":[{"href":"https:\/\/www.sibuscascoche.com\/noticias\/wp-json\/wp\/v2\/media?parent=15268"}],"wp:term":[{"taxonomy":"category","embeddable":true,"href":"https:\/\/www.sibuscascoche.com\/noticias\/wp-json\/wp\/v2\/categories?post=15268"},{"taxonomy":"post_tag","embeddable":true,"href":"https:\/\/www.sibuscascoche.com\/noticias\/wp-json\/wp\/v2\/tags?post=15268"}],"curies":[{"name":"wp","href":"https:\/\/api.w.org\/{rel}","templated":true}]}}