{"id":15237,"date":"2019-12-02T21:19:27","date_gmt":"2019-12-02T20:19:27","guid":{"rendered":"https:\/\/www.sibuscascoche.com\/noticias\/?p=15237"},"modified":"2019-12-20T09:53:28","modified_gmt":"2019-12-20T08:53:28","slug":"citroen-c3-aircross-concesionario-galicia","status":"publish","type":"post","link":"https:\/\/www.sibuscascoche.com\/noticias\/2019\/citroen-c3-aircross-concesionario-galicia\/","title":{"rendered":"M\u00e1s potencia para el Citro\u00ebn C3 Aircross, ahora con 130 CV"},"content":{"rendered":"<p><\/p>\n<p>El SUV compacto de Citro\u00ebn vuelve a sorprendernos con una mec\u00e1nica m\u00e1s potente que le aporta mejores prestaciones y lo mantienen en la cima del sector. El Citro\u00ebn C3 Aircross es el veh\u00edculo perfecto para desplazarte con toda la familia por la ciudad o el campo. En este art\u00edculo te contamos algunas de sus ventajas. <\/p>\n<p><\/p>\n<p><\/p>\n<h4 class=\"wp-block-heading\">Gran espacio y prestaciones<br \/> <\/h4>\n<p><\/p>\n<p><\/p>\n<div class=\"wp-block-image\">\n<figure class=\"alignright\"><img loading=\"lazy\" decoding=\"async\" width=\"300\" height=\"200\" src=\"https:\/\/www.sibuscascoche.com\/noticias\/wp-content\/uploads\/2019\/11\/citroen-c3-aircross-salpicadero.jpg\" alt=\"citroen, citroen c3 aircross, citroen galicia\" class=\"wp-image-15239\"\/><\/figure>\n<\/div>\n<p><\/p>\n<p><\/p>\n<p>El Aircross cuenta con un interior amplio en el que se aprovecha hasta el \u00faltimo cent\u00edmetro, con una gran versatilidad y dinamismo. Su maletero tiene una capacidad de 410 litros y es modulable, ya que los asientos traseros se pueden deslizar en dos partes. Pero no por ser un coche con mucho espacio pierde en dise\u00f1o, ya que tiene muchas posibilidades de personalizaci\u00f3n, con hasta 85 combinaciones posibles. Adem\u00e1s, tambi\u00e9n oferta una gran variedad de equipamiento. Todas estas ventajas lo convierten en uno de los SUV compactos m\u00e1s vendidos e interesantes del sector en los \u00faltimos a\u00f1os. <\/p>\n<p><\/p>\n<p><\/p>\n<p>Para mantener su estatus ahora aumenta sus posibilidades en carretera con una mec\u00e1nica de tres cilindros 1.2 PureTech de 130 CV, lo que le permite mejores resultados en carretera que sus predecesores. No hay que olvidarse que este incremento de la potencia no va acompa\u00f1ado de mayores gastos de consumo ya que homologa una media de 5 litros seg\u00fan la nueva normativa WLTP. <\/p>\n<p><\/p>\n<p><\/p>\n<p>Otro punto clave de la nueva versi\u00f3n del Citro\u00ebn C3 Aircross es que adopta una caja de cambios autom\u00e1tica de seis velocidades EAT6, que le permite una conducci\u00f3n m\u00e1s c\u00f3moda y hace que el veh\u00edculo sea m\u00e1s eficaz en terrenos deslizantes. Por otro lado, el modo de conducci\u00f3n Sport unido a esta caja de cambios, permite aprovechar todo el potencial del motor. <\/p>\n<p><\/p>\n<p><\/p>\n<p>El acabado Shine incluye adem\u00e1s de un elevado equipamiento de serie otros sistemas como el de parada autom\u00e1tica Start&amp;Stop, la frenada autom\u00e1tica de emergencia y el navegador en 3D.  <\/p>\n<p><\/p>\n<p><\/p>\n<h4 class=\"wp-block-heading\">Fabricaci\u00f3n made in Spain<br \/> <\/h4>\n<p><\/p>\n<p><\/p>\n<p>Este nuevo modelo se fabricar\u00e1 exclusivamente en la f\u00e1brica que Opel tiene en Figueruelas (Zaragoza). <\/p>\n<p><\/p>\n<p><\/p>\n<p>Ya puedes reservar tu Citro\u00ebn C3 Aircross en  Citro\u00ebn Galicia con un precio de partida de 22.600 euros. <\/p>\n<p><\/p>\n","protected":false},"excerpt":{"rendered":"<p>El SUV compacto de Citro\u00ebn vuelve a sorprendernos con una mec\u00e1nica m\u00e1s potente que le aporta mejores prestaciones y lo mantienen en la cima del sector. El Citro\u00ebn C3 Aircross<\/p>\n","protected":false},"author":6,"featured_media":15240,"comment_status":"closed","ping_status":"open","sticky":false,"template":"","format":"standard","meta":{"footnotes":""},"categories":[1,8],"tags":[148,1512,1513],"class_list":["post-15237","post","type-post","status-publish","format-standard","has-post-thumbnail","hentry","category-actualidad","category-lanzamientos","tag-citroen","tag-citroen-c3-aircross","tag-citroen-galicia"],"_links":{"self":[{"href":"https:\/\/www.sibuscascoche.com\/noticias\/wp-json\/wp\/v2\/posts\/15237","targetHints":{"allow":["GET"]}}],"collection":[{"href":"https:\/\/www.sibuscascoche.com\/noticias\/wp-json\/wp\/v2\/posts"}],"about":[{"href":"https:\/\/www.sibuscascoche.com\/noticias\/wp-json\/wp\/v2\/types\/post"}],"author":[{"embeddable":true,"href":"https:\/\/www.sibuscascoche.com\/noticias\/wp-json\/wp\/v2\/users\/6"}],"replies":[{"embeddable":true,"href":"https:\/\/www.sibuscascoche.com\/noticias\/wp-json\/wp\/v2\/comments?post=15237"}],"version-history":[{"count":4,"href":"https:\/\/www.sibuscascoche.com\/noticias\/wp-json\/wp\/v2\/posts\/15237\/revisions"}],"predecessor-version":[{"id":15300,"href":"https:\/\/www.sibuscascoche.com\/noticias\/wp-json\/wp\/v2\/posts\/15237\/revisions\/15300"}],"wp:featuredmedia":[{"embeddable":true,"href":"https:\/\/www.sibuscascoche.com\/noticias\/wp-json\/wp\/v2\/media\/15240"}],"wp:attachment":[{"href":"https:\/\/www.sibuscascoche.com\/noticias\/wp-json\/wp\/v2\/media?parent=15237"}],"wp:term":[{"taxonomy":"category","embeddable":true,"href":"https:\/\/www.sibuscascoche.com\/noticias\/wp-json\/wp\/v2\/categories?post=15237"},{"taxonomy":"post_tag","embeddable":true,"href":"https:\/\/www.sibuscascoche.com\/noticias\/wp-json\/wp\/v2\/tags?post=15237"}],"curies":[{"name":"wp","href":"https:\/\/api.w.org\/{rel}","templated":true}]}}