{"id":15177,"date":"2019-11-27T13:31:37","date_gmt":"2019-11-27T12:31:37","guid":{"rendered":"https:\/\/www.sibuscascoche.com\/noticias\/?p=15177"},"modified":"2019-11-27T13:31:38","modified_gmt":"2019-11-27T12:31:38","slug":"volkswagen-passat-concesionario-galicia","status":"publish","type":"post","link":"https:\/\/www.sibuscascoche.com\/noticias\/2019\/volkswagen-passat-concesionario-galicia\/","title":{"rendered":"D\u00e9jate sorprender por la octava generaci\u00f3n del Volkswagen Passat"},"content":{"rendered":"<p><\/p>\n<p>La berlina m\u00e1s vendida del mundo y el segundo modelo m\u00e1s exitoso de la marca alemana, presenta ahora una nueva generaci\u00f3n donde la tecnolog\u00eda y la conducci\u00f3n aut\u00f3noma son el plato fuerte. Presentado en 1973 y con 30 millones de unidades vendidas, el Volkswagen Passat muestra una imagen m\u00e1s actual y las \u00faltimas novedades en sistemas de ayuda a la conducci\u00f3n y seguridad. En este art\u00edculo te contamos algunos de sus detalles y ya puedes reservar el tuyo en tu Concesionario Galicia desde 30.600 \u20ac. <\/p>\n<p><\/p>\n<p><\/p>\n<h4 class=\"wp-block-heading\">Fieles al dise\u00f1o<br \/> <\/h4>\n<p><\/p>\n<p><\/p>\n<div class=\"wp-block-image\">\n<figure class=\"alignright\"><img loading=\"lazy\" decoding=\"async\" width=\"300\" height=\"200\" src=\"https:\/\/www.sibuscascoche.com\/noticias\/wp-content\/uploads\/2019\/11\/volkswagen-passat-interior.jpg\" alt=\"volkswagen passat, volkswagen, concesionario galicia\" class=\"wp-image-15182\"\/><\/figure>\n<\/div>\n<p><\/p>\n<p><\/p>\n<p>La cl\u00e1sica berlina mantiene su figura inconfundible pero perfila sus detalles. Encontramos un parachoques delantero y trasero transformado y en la parte trasera la parrilla del radiador y la inscripci\u00f3n Passat se disponen ahora en el centro. Las nuevas luces LED crean una iluminaci\u00f3n caracter\u00edstica que marcar\u00e1 estilo. Se ofrecen llantas de aleaci\u00f3n de 17, 18 y 19 pulgadas y cuatro acabados diferentes: Passat, Business, Executive y R-Line. <\/p>\n<p><\/p>\n<p><\/p>\n<p>En su interior aparece una est\u00e9tica m\u00e1s digitalizada y muchas posibilidades de personalizaci\u00f3n, con hasta 30 colores diferentes para la carrocer\u00eda. <\/p>\n<p><\/p>\n<p><\/p>\n<h4 class=\"wp-block-heading\">Una gran revoluci\u00f3n tecnol\u00f3gica<br \/> <\/h4>\n<p><\/p>\n<p><\/p>\n<p>La marca alemana ejemplifica con este veh\u00edculo el apoyo a sistemas automatizados e intuitivos, el nuevo Passat es el primer coche de Volkswagen en incorporar un volante capacitivo, sensible al tacto del conductor y que forma una interfaz interactiva con sistemas como el \u00abTravel Assist\u00bb que a su vez combina el Lane Assist, el ACC predictivo y el Asistente para Obras. <\/p>\n<p><\/p>\n<p><\/p>\n<p>El nuevo Passat tambi\u00e9n incorpora el nuevo \u00abVW Digital Cockpit\u00bb y la tercera generaci\u00f3n del sistema modular de infotainment \u00abMIB3\u00bb. Encontramos mejoras t\u00e9cnicas en todos los aspectos con numerosas funciones nuevas de conectividad y servicios mejorados de navegaci\u00f3n. <\/p>\n<p><\/p>\n<p><\/p>\n<p>Adem\u00e1s, incluye los nuevos sistemas de seguridad, control por voz natural y la posibilidad de utilizar tu smartphone como llave. <\/p>\n<p><\/p>\n<p><\/p>\n<h4 class=\"wp-block-heading\">Oferta mec\u00e1nica<br \/> <\/h4>\n<p><\/p>\n<p><\/p>\n<p>En di\u00e9sel est\u00e1 disponible con cuatro potencias diferentes de 8 kW\/120 CV, 140 kW\/190 CV y 176 kW\/240 CV. El cuarto motor es el nuevo 2.0 TDI Evo de 110 kW\/150 CV. <\/p>\n<p><\/p>\n<p><\/p>\n<p>La oferta en gasolina est\u00e1 formada por tres TSI con 110 kW\/150 CV, 140 kW\/190 CV y 200 kW\/272 CV. Estos \u00faltimos incluyen un filtro de part\u00edculas. <\/p>\n<p><\/p>\n<p><\/p>\n<p>\u00bfA que esperas para reservar tu Passat en tu Concesionario Galicia? Es tu oportunidad de conducir la berlina que va a revolucionar el mercado automovil\u00edstico.<\/p>\n<p><\/p>\n","protected":false},"excerpt":{"rendered":"<p>La berlina m\u00e1s vendida del mundo y el segundo modelo m\u00e1s exitoso de la marca alemana, presenta ahora una nueva generaci\u00f3n donde la tecnolog\u00eda y la conducci\u00f3n aut\u00f3noma son el<\/p>\n","protected":false},"author":6,"featured_media":15181,"comment_status":"closed","ping_status":"open","sticky":false,"template":"","format":"standard","meta":{"footnotes":""},"categories":[8],"tags":[1289,22,654],"class_list":["post-15177","post","type-post","status-publish","format-standard","has-post-thumbnail","hentry","category-lanzamientos","tag-concesionario-galicia","tag-volkswagen","tag-volkswagen-passat"],"_links":{"self":[{"href":"https:\/\/www.sibuscascoche.com\/noticias\/wp-json\/wp\/v2\/posts\/15177","targetHints":{"allow":["GET"]}}],"collection":[{"href":"https:\/\/www.sibuscascoche.com\/noticias\/wp-json\/wp\/v2\/posts"}],"about":[{"href":"https:\/\/www.sibuscascoche.com\/noticias\/wp-json\/wp\/v2\/types\/post"}],"author":[{"embeddable":true,"href":"https:\/\/www.sibuscascoche.com\/noticias\/wp-json\/wp\/v2\/users\/6"}],"replies":[{"embeddable":true,"href":"https:\/\/www.sibuscascoche.com\/noticias\/wp-json\/wp\/v2\/comments?post=15177"}],"version-history":[{"count":3,"href":"https:\/\/www.sibuscascoche.com\/noticias\/wp-json\/wp\/v2\/posts\/15177\/revisions"}],"predecessor-version":[{"id":15199,"href":"https:\/\/www.sibuscascoche.com\/noticias\/wp-json\/wp\/v2\/posts\/15177\/revisions\/15199"}],"wp:featuredmedia":[{"embeddable":true,"href":"https:\/\/www.sibuscascoche.com\/noticias\/wp-json\/wp\/v2\/media\/15181"}],"wp:attachment":[{"href":"https:\/\/www.sibuscascoche.com\/noticias\/wp-json\/wp\/v2\/media?parent=15177"}],"wp:term":[{"taxonomy":"category","embeddable":true,"href":"https:\/\/www.sibuscascoche.com\/noticias\/wp-json\/wp\/v2\/categories?post=15177"},{"taxonomy":"post_tag","embeddable":true,"href":"https:\/\/www.sibuscascoche.com\/noticias\/wp-json\/wp\/v2\/tags?post=15177"}],"curies":[{"name":"wp","href":"https:\/\/api.w.org\/{rel}","templated":true}]}}