{"id":15158,"date":"2019-11-27T13:02:33","date_gmt":"2019-11-27T12:02:33","guid":{"rendered":"https:\/\/www.sibuscascoche.com\/noticias\/?p=15158"},"modified":"2019-11-27T13:02:33","modified_gmt":"2019-11-27T12:02:33","slug":"fiat-group-y-psa-group-fusion","status":"publish","type":"post","link":"https:\/\/www.sibuscascoche.com\/noticias\/2019\/fiat-group-y-psa-group-fusion\/","title":{"rendered":"Fiat Group y PSA Group se unen para formar el cuarto grupo automovil\u00edstico m\u00e1s grande del mundo"},"content":{"rendered":"<p><\/p>\n<p>Llevamos tiempo escuchando rumores pero en las \u00faltimas semanas las dos empresas lo han confirmado oficialmente, FCA Group y PSA Group pasar\u00e1n a ser una sola compa\u00f1\u00eda, convirti\u00e9ndose en el cuarto grupo automovil\u00edstico a nivel mundial. Las dos firmas han iniciado las negociaciones y el nuevo gigante automotriz tendr\u00e1 un valor superior a los 50.000 millones de d\u00f3lares. A\u00fan no se conocen todos los detalles pero en este art\u00edculo profundizamos sobre algunas de las claves del pacto. <\/p>\n<p><\/p>\n<p><\/p>\n<h4 class=\"wp-block-heading\">Beneficios para las dos compa\u00f1\u00edas <\/h4>\n<p><\/p>\n<p><\/p>\n<div class=\"wp-block-image\">\n<figure class=\"alignright\"><img loading=\"lazy\" decoding=\"async\" width=\"300\" height=\"200\" src=\"https:\/\/www.sibuscascoche.com\/noticias\/wp-content\/uploads\/2019\/11\/psa-fabrica-vigo.jpg\" alt=\"fiat, psa, fusion\" class=\"wp-image-15160\"\/><\/figure>\n<\/div>\n<p><\/p>\n<p><\/p>\n<p>Esta uni\u00f3n har\u00e1 que los dos fabricantes tengan unos ingresos combinados de casi 170 mil millones de euros y unas ganancias de m\u00e1s de 11 mil millones. Adem\u00e1s, las sinergias estimadas podr\u00edan rondar los 3.700 millones de euros y todo ello, seg\u00fan han confirmado, sin cerrar f\u00e1bricas. <\/p>\n<p><\/p>\n<p><\/p>\n<p>La idea de esta fusi\u00f3n es la creaci\u00f3n de una empresa que combine los puntos fuertes de las dos compa\u00f1\u00edas, apostando por las nuevas tecnolog\u00edas sostenibles, la electrificaci\u00f3n, la conducci\u00f3n aut\u00f3noma y la conectividad digital. Esta uni\u00f3n se va a apoyar en la experiencia de ambas en buena gesti\u00f3n y su excepcional trayectoria en creaci\u00f3n de valor y \u00e9xito. <\/p>\n<p><\/p>\n<p><\/p>\n<h4 class=\"wp-block-heading\">Una fusi\u00f3n 50\/50<br \/> <\/h4>\n<p><\/p>\n<p><\/p>\n<p>La fusi\u00f3n ser\u00e1 a partes iguales y cada empresa ser\u00e1 propietaria del 50% de la nueva compa\u00f1\u00eda y sus accionistas compartir\u00e1n equitativamente los beneficios. Todo el proceso se materializar\u00e1 a trav\u00e9s de una empresa matriz holandesa con consejeros independientes. El Consejo de Administraci\u00f3n estar\u00e1 compuesto por 11 miembros, 5 de cada firma y el consejero delegado ser\u00eda Carlos Tavares. <\/p>\n<p><\/p>\n<p><\/p>\n<p>Las consecuencias en nuestro pa\u00eds podr\u00edan ser muy gratificantes ya que el grupo franc\u00e9s es el mayor fabricante de coches en Espa\u00f1a. Fiat no tiene f\u00e1bricas en territorio espa\u00f1ol, por lo que la alianza podr\u00eda acercar la empresa a este mercado. Por el momento las dos han asegurado que no van a cerrar f\u00e1bricas y tendremos que esperar para conocer m\u00e1s detalles del acuerdo.<\/p>\n<p><\/p>\n","protected":false},"excerpt":{"rendered":"<p>Llevamos tiempo escuchando rumores pero en las \u00faltimas semanas las dos empresas lo han confirmado oficialmente, FCA Group y PSA Group pasar\u00e1n a ser una sola compa\u00f1\u00eda, convirti\u00e9ndose en el<\/p>\n","protected":false},"author":6,"featured_media":15161,"comment_status":"closed","ping_status":"open","sticky":false,"template":"","format":"standard","meta":{"footnotes":""},"categories":[1],"tags":[1510,1508,1509],"class_list":["post-15158","post","type-post","status-publish","format-standard","has-post-thumbnail","hentry","category-actualidad","tag-fiat-group","tag-fusion","tag-psa-group"],"_links":{"self":[{"href":"https:\/\/www.sibuscascoche.com\/noticias\/wp-json\/wp\/v2\/posts\/15158","targetHints":{"allow":["GET"]}}],"collection":[{"href":"https:\/\/www.sibuscascoche.com\/noticias\/wp-json\/wp\/v2\/posts"}],"about":[{"href":"https:\/\/www.sibuscascoche.com\/noticias\/wp-json\/wp\/v2\/types\/post"}],"author":[{"embeddable":true,"href":"https:\/\/www.sibuscascoche.com\/noticias\/wp-json\/wp\/v2\/users\/6"}],"replies":[{"embeddable":true,"href":"https:\/\/www.sibuscascoche.com\/noticias\/wp-json\/wp\/v2\/comments?post=15158"}],"version-history":[{"count":3,"href":"https:\/\/www.sibuscascoche.com\/noticias\/wp-json\/wp\/v2\/posts\/15158\/revisions"}],"predecessor-version":[{"id":15196,"href":"https:\/\/www.sibuscascoche.com\/noticias\/wp-json\/wp\/v2\/posts\/15158\/revisions\/15196"}],"wp:featuredmedia":[{"embeddable":true,"href":"https:\/\/www.sibuscascoche.com\/noticias\/wp-json\/wp\/v2\/media\/15161"}],"wp:attachment":[{"href":"https:\/\/www.sibuscascoche.com\/noticias\/wp-json\/wp\/v2\/media?parent=15158"}],"wp:term":[{"taxonomy":"category","embeddable":true,"href":"https:\/\/www.sibuscascoche.com\/noticias\/wp-json\/wp\/v2\/categories?post=15158"},{"taxonomy":"post_tag","embeddable":true,"href":"https:\/\/www.sibuscascoche.com\/noticias\/wp-json\/wp\/v2\/tags?post=15158"}],"curies":[{"name":"wp","href":"https:\/\/api.w.org\/{rel}","templated":true}]}}