{"id":15142,"date":"2019-11-06T13:17:12","date_gmt":"2019-11-06T12:17:12","guid":{"rendered":"https:\/\/www.sibuscascoche.com\/noticias\/?p=15142"},"modified":"2019-11-06T13:17:14","modified_gmt":"2019-11-06T12:17:14","slug":"renault-captur-ii-concesionario-galicia","status":"publish","type":"post","link":"https:\/\/www.sibuscascoche.com\/noticias\/2019\/renault-captur-ii-concesionario-galicia\/","title":{"rendered":"Renault Captur II, la segunda generaci\u00f3n de un \u00e9xito de ventas"},"content":{"rendered":"<p><\/p>\n<p>La firma francesa prepara el lanzamiento de una nueva generaci\u00f3n de uno de los SUV compactos m\u00e1s populares del mercado. Entre las novedades destaca su mayor tama\u00f1o, el nuevo dise\u00f1o, m\u00e1s equipamiento y lo \u00faltimo en sistemas de seguridad. En este art\u00edculo te contamos algunas de las novedades y a mediados de diciembre podr\u00e1s reservar el tuyo en tu <strong>Concesionario Galicia<\/strong>. <\/p>\n<p><\/p>\n<p><\/p>\n<h4 class=\"wp-block-heading\">Est\u00e9tica mejorada<br \/> <\/h4>\n<p><\/p>\n<p><\/p>\n<p>El nuevo Captur afina su silueta y aumenta de tama\u00f1o, mejorando su presencia y elegancia. Este modelo ser\u00e1 tambi\u00e9n m\u00e1s largo y m\u00e1s confortable en su habit\u00e1culo, creciendo tambi\u00e9n la capacidad de su maletero. El SUV compacto permite ahora una mayor comodidad para viajes largos y se convierte en un veh\u00edculo familiar, siendo m\u00e1s vers\u00e1til e ideal para moverte por ciudad. La mayor amplitud la han conseguido con un chasis con mayor separaci\u00f3n entre ejes, que permite tambi\u00e9n m\u00e1s estabilidad abordo y una gran insonorizaci\u00f3n, convirti\u00e9ndose en un coche m\u00e1s estable y de categor\u00eda superior. <\/p>\n<p><\/p>\n<p><\/p>\n<div class=\"wp-block-image\">\n<figure class=\"alignright\"><img loading=\"lazy\" decoding=\"async\" width=\"300\" height=\"200\" src=\"https:\/\/www.sibuscascoche.com\/noticias\/wp-content\/uploads\/2019\/11\/renault-captur-ii-salpicadero.jpg\" alt=\"renault captur ii, renault, concesionario galicia\" class=\"wp-image-15145\"\/><\/figure>\n<\/div>\n<p><\/p>\n<p><\/p>\n<p>En su interior tambi\u00e9n mejora e incluye un salpicadero renovado, con materiales de calidad. La guantera es m\u00e1s grande y la fila trasera corredera se puede deslizar en una mayor longitud. Con este dise\u00f1o aumenta su calidez y parece que han puesto m\u00e1s elegancia y solidez en cada detalle. <\/p>\n<p><\/p>\n<p><\/p>\n<p>En cuanto a personalizaci\u00f3n, el usuario podr\u00e1 elegir entre m\u00e1s de 100 combinaciones diferentes, con opciones tanto para la carrocer\u00eda como para la disposici\u00f3n interior. <\/p>\n<p><\/p>\n<p><\/p>\n<h4 class=\"wp-block-heading\">Nueva oferta mec\u00e1nica<br \/> <\/h4>\n<p><\/p>\n<p><\/p>\n<p>El Renault Captur II estar\u00e1 disponible en una gama de ocho versiones mec\u00e1nicas. Tres opciones de gasolina: un 1.0 TCe turbo de tres cilindros y 100 CV, y dos opciones 1.3 TCe, uno de 130 CV y otro de 154 CV. La oferta di\u00e9sel ser\u00e1 de tres opciones: un 1.5 Blue dCi de 95 CV y dos 1.5 Blue dCi de 115 CV. Hacia marzo saldr\u00e1n las versiones de GLP o gas licuado del petr\u00f3leo y antes de verano una opci\u00f3n E-Tech o h\u00edbrida enchufable. <\/p>\n<p><\/p>\n<p><\/p>\n<h4 class=\"wp-block-heading\">Equipamiento completo<br \/> <\/h4>\n<p><\/p>\n<p><\/p>\n<p>El Captur II contar\u00e1 con los \u00faltimos sistemas de seguridad y asistencia a la conducci\u00f3n, destacando la frenada autom\u00e1tica de emergencia y el sistema de detecci\u00f3n de veh\u00edculos, peatones y ciclistas. Otra de las grandes novedades ser\u00e1n las dos asistencias que funcionan como un piloto semiautom\u00e1tico. Adem\u00e1s contar\u00e1 con la tecnolog\u00eda de \u00faltima generaci\u00f3n, sistemas de infoentretenimiento y una gran conectividad. <\/p>\n<p><\/p>\n<p><\/p>\n<p>Reserva el tuyo en diciembre en tu Concesionario Galicia y disfr\u00fatalo a partir de 2020, un SUV din\u00e1mico, moderno y vers\u00e1til, ideal para moverte en ciudad con tu familia.<\/p>\n<p><\/p>\n","protected":false},"excerpt":{"rendered":"<p>La firma francesa prepara el lanzamiento de una nueva generaci\u00f3n de uno de los SUV compactos m\u00e1s populares del mercado. Entre las novedades destaca su mayor tama\u00f1o, el nuevo dise\u00f1o,<\/p>\n","protected":false},"author":6,"featured_media":15144,"comment_status":"closed","ping_status":"open","sticky":false,"template":"","format":"standard","meta":{"footnotes":""},"categories":[1,8],"tags":[1289,1507],"class_list":["post-15142","post","type-post","status-publish","format-standard","has-post-thumbnail","hentry","category-actualidad","category-lanzamientos","tag-concesionario-galicia","tag-renault-captur-ii"],"_links":{"self":[{"href":"https:\/\/www.sibuscascoche.com\/noticias\/wp-json\/wp\/v2\/posts\/15142","targetHints":{"allow":["GET"]}}],"collection":[{"href":"https:\/\/www.sibuscascoche.com\/noticias\/wp-json\/wp\/v2\/posts"}],"about":[{"href":"https:\/\/www.sibuscascoche.com\/noticias\/wp-json\/wp\/v2\/types\/post"}],"author":[{"embeddable":true,"href":"https:\/\/www.sibuscascoche.com\/noticias\/wp-json\/wp\/v2\/users\/6"}],"replies":[{"embeddable":true,"href":"https:\/\/www.sibuscascoche.com\/noticias\/wp-json\/wp\/v2\/comments?post=15142"}],"version-history":[{"count":3,"href":"https:\/\/www.sibuscascoche.com\/noticias\/wp-json\/wp\/v2\/posts\/15142\/revisions"}],"predecessor-version":[{"id":15151,"href":"https:\/\/www.sibuscascoche.com\/noticias\/wp-json\/wp\/v2\/posts\/15142\/revisions\/15151"}],"wp:featuredmedia":[{"embeddable":true,"href":"https:\/\/www.sibuscascoche.com\/noticias\/wp-json\/wp\/v2\/media\/15144"}],"wp:attachment":[{"href":"https:\/\/www.sibuscascoche.com\/noticias\/wp-json\/wp\/v2\/media?parent=15142"}],"wp:term":[{"taxonomy":"category","embeddable":true,"href":"https:\/\/www.sibuscascoche.com\/noticias\/wp-json\/wp\/v2\/categories?post=15142"},{"taxonomy":"post_tag","embeddable":true,"href":"https:\/\/www.sibuscascoche.com\/noticias\/wp-json\/wp\/v2\/tags?post=15142"}],"curies":[{"name":"wp","href":"https:\/\/api.w.org\/{rel}","templated":true}]}}