{"id":15003,"date":"2019-10-16T11:29:23","date_gmt":"2019-10-16T09:29:23","guid":{"rendered":"https:\/\/www.sibuscascoche.com\/noticias\/?p=15003"},"modified":"2019-10-16T11:29:24","modified_gmt":"2019-10-16T09:29:24","slug":"smart-fortwo-forfour-galicia","status":"publish","type":"post","link":"https:\/\/www.sibuscascoche.com\/noticias\/2019\/smart-fortwo-forfour-galicia\/","title":{"rendered":"Smart fortwo y smart forfour, nueva imagen externa e interna"},"content":{"rendered":"<p><\/p>\n<p>La marca alemana present\u00f3 en el reci\u00e9n celebrado Sal\u00f3n del Autom\u00f3vil de Frankfurt su nueva gama de modelos, con cambios tanto a nivel est\u00e9tico como de combusti\u00f3n. Smart apuesta por la filosof\u00eda cero emisiones y ha anunciado que todos sus veh\u00edculos ser\u00e1n el\u00e9ctricos a partir de ahora. Los smart fortwo y smart forfour sufren renovaciones y se convierten en modelos ideales para moverte por ciudad, c\u00f3modos, f\u00e1ciles de aparcar y modernos. En este art\u00edculo te contamos sus detalles y te recomendamos reservar ya el tuyo en <strong>Smart Galicia<\/strong>. <\/p>\n<p><\/p>\n<p><\/p>\n<h4 class=\"wp-block-heading\">Dise\u00f1o actualizado<br \/> <\/h4>\n<p><\/p>\n<p><\/p>\n<p>En general encontramos una est\u00e9tica similar a la de sus predecesores pero aparecen peque\u00f1os detalles que marcan la diferencia. Entre las novedades encontramos nuevas \u00f3pticas LED y un paragolpes redise\u00f1ado. Tambi\u00e9n destacan los nuevos pilotos de tecnolog\u00eda LED y la firma lum\u00ednica de nuevo cu\u00f1o. El cliente podr\u00e1 personalizar su veh\u00edculo de m\u00faltiples maneras, adapt\u00e1ndolo a su personalidad y necesidades. <\/p>\n<p><\/p>\n<p><\/p>\n<h4 class=\"wp-block-heading\">Desaparici\u00f3n de la combusti\u00f3n interna<br \/> <\/h4>\n<p><\/p>\n<p><\/p>\n<p>Todos los smart fortwo y forfour ser\u00e1n veh\u00edculos totalmente el\u00e9ctricos. Su mecanismo de propulsi\u00f3n est\u00e1 formado por bater\u00edas de 7,6 kWh de capacidad, suministradas por Deutsche Accumotive. Su motor ser\u00e1 de 60 kW (82 caballos de vapor) de potencia m\u00e1xima, con un par motor de 160 Nm. Estas prestaciones le permiten una autonom\u00eda de alrededor de 159 km. Aunque no es una distancia demasiado amplia es suficiente teniendo en cuenta el uso urbano de este tipo de modelos. Son coches para moverse r\u00e1pido por ciudad, que se pueden cargar hasta el 80% en solo 40 minutos. Su velocidad punta es de 130km\/h. <\/p>\n<p><\/p>\n<p><\/p>\n<h4 class=\"wp-block-heading\">Gran conectividad<br \/> <\/h4>\n<p><\/p>\n<p><\/p>\n<div class=\"wp-block-image\">\n<figure class=\"alignright\"><img loading=\"lazy\" decoding=\"async\" width=\"300\" height=\"200\" src=\"https:\/\/www.sibuscascoche.com\/noticias\/wp-content\/uploads\/2019\/10\/smart-fortwo-forfour-interior.jpg\" alt=\"smart, smart fortwo, smart forfour, smart galicia\" class=\"wp-image-15006\"\/><\/figure>\n<\/div>\n<p><\/p>\n<p><\/p>\n<p>Adem\u00e1s de ser eficientes son coches totalmente conectados con el usuario. Llevan integrado el Apple CarPlay\/Android Auto de serie, as\u00ed como el control remoto a trav\u00e9s de una aplicaci\u00f3n m\u00f3vil llamada smart EQ. Esta app proporciona numerosas ventajas al conductor ya que puede gestionar y programar la recarga, activar la climatizaci\u00f3n o seleccionar el tramo horario en el que desea recargar la bater\u00eda. Otra de las novedades m\u00e1s sorprendentes es que ser\u00e1 posible enviar las llaves digitales a quien tu quieras y podr\u00e1n abrir y conducir el coche solo con el m\u00f3vil. <\/p>\n<p><\/p>\n<p><\/p>\n<p>Modelos vers\u00e1tiles adaptados al futuro y a la movilidad eficiente, perfectos para desplazamientos cortos por ciudad. \u00bfA qu\u00e9 esperas para encargar el tuyo en Smart Galicia?<\/p>\n<p><\/p>\n","protected":false},"excerpt":{"rendered":"<p>La marca alemana present\u00f3 en el reci\u00e9n celebrado Sal\u00f3n del Autom\u00f3vil de Frankfurt su nueva gama de modelos, con cambios tanto a nivel est\u00e9tico como de combusti\u00f3n. Smart apuesta por<\/p>\n","protected":false},"author":6,"featured_media":15005,"comment_status":"closed","ping_status":"open","sticky":false,"template":"","format":"standard","meta":{"footnotes":""},"categories":[1,8],"tags":[1496,1498,1497,1499],"class_list":["post-15003","post","type-post","status-publish","format-standard","has-post-thumbnail","hentry","category-actualidad","category-lanzamientos","tag-smart","tag-smart-forfour","tag-smart-fortwo","tag-smart-galicia"],"_links":{"self":[{"href":"https:\/\/www.sibuscascoche.com\/noticias\/wp-json\/wp\/v2\/posts\/15003","targetHints":{"allow":["GET"]}}],"collection":[{"href":"https:\/\/www.sibuscascoche.com\/noticias\/wp-json\/wp\/v2\/posts"}],"about":[{"href":"https:\/\/www.sibuscascoche.com\/noticias\/wp-json\/wp\/v2\/types\/post"}],"author":[{"embeddable":true,"href":"https:\/\/www.sibuscascoche.com\/noticias\/wp-json\/wp\/v2\/users\/6"}],"replies":[{"embeddable":true,"href":"https:\/\/www.sibuscascoche.com\/noticias\/wp-json\/wp\/v2\/comments?post=15003"}],"version-history":[{"count":3,"href":"https:\/\/www.sibuscascoche.com\/noticias\/wp-json\/wp\/v2\/posts\/15003\/revisions"}],"predecessor-version":[{"id":15016,"href":"https:\/\/www.sibuscascoche.com\/noticias\/wp-json\/wp\/v2\/posts\/15003\/revisions\/15016"}],"wp:featuredmedia":[{"embeddable":true,"href":"https:\/\/www.sibuscascoche.com\/noticias\/wp-json\/wp\/v2\/media\/15005"}],"wp:attachment":[{"href":"https:\/\/www.sibuscascoche.com\/noticias\/wp-json\/wp\/v2\/media?parent=15003"}],"wp:term":[{"taxonomy":"category","embeddable":true,"href":"https:\/\/www.sibuscascoche.com\/noticias\/wp-json\/wp\/v2\/categories?post=15003"},{"taxonomy":"post_tag","embeddable":true,"href":"https:\/\/www.sibuscascoche.com\/noticias\/wp-json\/wp\/v2\/tags?post=15003"}],"curies":[{"name":"wp","href":"https:\/\/api.w.org\/{rel}","templated":true}]}}