{"id":14986,"date":"2019-10-16T11:44:21","date_gmt":"2019-10-16T09:44:21","guid":{"rendered":"https:\/\/www.sibuscascoche.com\/noticias\/?p=14986"},"modified":"2019-10-16T11:44:21","modified_gmt":"2019-10-16T09:44:21","slug":"matricula-coche","status":"publish","type":"post","link":"https:\/\/www.sibuscascoche.com\/noticias\/2019\/matricula-coche\/","title":{"rendered":"Peculiaridades de las matr\u00edculas de los autom\u00f3viles"},"content":{"rendered":"<p><\/p>\n<p>\u00bfTe has preguntado alguna vez por qu\u00e9 en las matr\u00edculas no hay vocales o cu\u00e1l es el origen de esas combinaciones imposibles? Seguramente en numerosas ocasiones te hayas fijado en la matr\u00edcula del coche delantero y hayas intentado adivinar el pa\u00eds de origen, la provincia o el significado de la misma, sin llegar a un resultado coherente. La matr\u00edcula de un veh\u00edculo es el certificado que establece su identidad, sirviendo para identificarlo y demostrar que est\u00e1 legalmente matriculado. Aqu\u00ed te contamos algunas an\u00e9cdotas sobre su origen.<\/p>\n<p><\/p>\n<p><\/p>\n<h4 class=\"wp-block-heading\">Historia de las matr\u00edculas en Espa\u00f1a<br \/> <\/h4>\n<p><\/p>\n<p><\/p>\n<p>En nuestro pa\u00eds las matr\u00edculas nacieron en 1900 y hasta 1971 se utiliz\u00f3 el mismo sistema. La matr\u00edcula estaba formada por hasta tres letras iniciales que representaban la provincia de matriculaci\u00f3n, seguida de una serie de seis cifras. A partir de 1971 se empez\u00f3 a utilizar otro sistema que consist\u00eda en las iniciales de la provincia, 4 cifras num\u00e9ricas y una letra final que cambiaba por orden alfab\u00e9tico. <\/p>\n<p><\/p>\n<p><\/p>\n<p>En el a\u00f1o 2000 se instaur\u00f3 un nuevo sistema en el que desapareci\u00f3 la referencia a la provincia y en su lugar se incorpor\u00f3 una E con la bandera europea seguida de 4 cifras y 3 letras consonantes. Siguiendo este mecanismo se podr\u00edan matricular hasta 80.000.000 veh\u00edculos, por lo que si no aumenta la venta de coches, se prolongar\u00eda unos 40 a\u00f1os. <\/p>\n<p><\/p>\n<p><\/p>\n<h4 class=\"wp-block-heading\">Restricciones en las matr\u00edculas<br \/> <\/h4>\n<p><\/p>\n<p><\/p>\n<div class=\"wp-block-image\">\n<figure class=\"alignright\"><img loading=\"lazy\" decoding=\"async\" width=\"300\" height=\"200\" src=\"https:\/\/www.sibuscascoche.com\/noticias\/wp-content\/uploads\/2019\/10\/placa-matricula.jpg\" alt=\"matricula\" class=\"wp-image-14988\"\/><\/figure>\n<\/div>\n<p><\/p>\n<p><\/p>\n<p>Puede que nunca hayas encontrado un coche con una vocal en la matr\u00edcula o alguna combinaci\u00f3n malsonante. Esta circunstancia es debida a que algunas combinaciones est\u00e1n censuradas, es decir, en las matr\u00edculas espa\u00f1olas no se pueden poner vocales o sucesiones de letras que puedan ser hirientes. Tampoco se pueden utilizar la \u00d1 ni la Q, porque pueden provocar confusiones al ser vistas desde lejos. <\/p>\n<p><\/p>\n<p><\/p>\n<p>Estas restricciones no son \u00fanicas a nuestro pa\u00eds y en algunos lugares son m\u00e1s exigentes. Por ejemplo, en Austria se han censurado hasta 30 combinaciones de letras que pueden tener alguna interpretaci\u00f3n pol\u00edtica fascista.<\/p>\n<p><\/p>\n<p><\/p>\n<p>Existen millones de matr\u00edculas diferentes pero ahora ya conoces su historia y porque nunca tienen determinadas combinaciones.<\/p>\n<p><\/p>\n","protected":false},"excerpt":{"rendered":"<p>\u00bfTe has preguntado alguna vez por qu\u00e9 en las matr\u00edculas no hay vocales o cu\u00e1l es el origen de esas combinaciones imposibles? Seguramente en numerosas ocasiones te hayas fijado en<\/p>\n","protected":false},"author":6,"featured_media":14989,"comment_status":"closed","ping_status":"open","sticky":false,"template":"","format":"standard","meta":{"footnotes":""},"categories":[1],"tags":[1494],"class_list":["post-14986","post","type-post","status-publish","format-standard","has-post-thumbnail","hentry","category-actualidad","tag-matricula"],"_links":{"self":[{"href":"https:\/\/www.sibuscascoche.com\/noticias\/wp-json\/wp\/v2\/posts\/14986","targetHints":{"allow":["GET"]}}],"collection":[{"href":"https:\/\/www.sibuscascoche.com\/noticias\/wp-json\/wp\/v2\/posts"}],"about":[{"href":"https:\/\/www.sibuscascoche.com\/noticias\/wp-json\/wp\/v2\/types\/post"}],"author":[{"embeddable":true,"href":"https:\/\/www.sibuscascoche.com\/noticias\/wp-json\/wp\/v2\/users\/6"}],"replies":[{"embeddable":true,"href":"https:\/\/www.sibuscascoche.com\/noticias\/wp-json\/wp\/v2\/comments?post=14986"}],"version-history":[{"count":3,"href":"https:\/\/www.sibuscascoche.com\/noticias\/wp-json\/wp\/v2\/posts\/14986\/revisions"}],"predecessor-version":[{"id":15018,"href":"https:\/\/www.sibuscascoche.com\/noticias\/wp-json\/wp\/v2\/posts\/14986\/revisions\/15018"}],"wp:featuredmedia":[{"embeddable":true,"href":"https:\/\/www.sibuscascoche.com\/noticias\/wp-json\/wp\/v2\/media\/14989"}],"wp:attachment":[{"href":"https:\/\/www.sibuscascoche.com\/noticias\/wp-json\/wp\/v2\/media?parent=14986"}],"wp:term":[{"taxonomy":"category","embeddable":true,"href":"https:\/\/www.sibuscascoche.com\/noticias\/wp-json\/wp\/v2\/categories?post=14986"},{"taxonomy":"post_tag","embeddable":true,"href":"https:\/\/www.sibuscascoche.com\/noticias\/wp-json\/wp\/v2\/tags?post=14986"}],"curies":[{"name":"wp","href":"https:\/\/api.w.org\/{rel}","templated":true}]}}