{"id":14976,"date":"2019-10-07T12:48:00","date_gmt":"2019-10-07T10:48:00","guid":{"rendered":"https:\/\/www.sibuscascoche.com\/noticias\/?p=14976"},"modified":"2019-10-07T12:49:39","modified_gmt":"2019-10-07T10:49:39","slug":"citroen-c5-aircross-concesionario-galicia","status":"publish","type":"post","link":"https:\/\/www.sibuscascoche.com\/noticias\/2019\/citroen-c5-aircross-concesionario-galicia\/","title":{"rendered":"Citro\u00ebn C5 Aircross, un SUV vers\u00e1til, c\u00f3modo y al mejor precio"},"content":{"rendered":"<p><\/p>\n<p>El nuevo modelo de la firma francesa se une al segmento C de todocaminos, el que m\u00e1s crece en Espa\u00f1a. Un veh\u00edculo espacioso, moderno e ideal para moverte por ciudad con toda la familia. En este art\u00edculo te hablamos de sus caracter\u00edsticas. Muy pronto podr\u00e1s adquirir un Citro\u00ebn C5 Aircross por un precio muy econ\u00f3mico en tu <strong>concesionario Galicia<\/strong> <\/p>\n<p><\/p>\n<p><\/p>\n<h4 class=\"wp-block-heading\">Dise\u00f1o robusto<br \/> <\/h4>\n<p><\/p>\n<p><\/p>\n<p>El C5 Aircross muestra <strong>una est\u00e9tica exterior musculada <\/strong>y elevada con mucha personalidad. Tiene 4,5 metros de largo, 1,84 metros de ancho y 1,67 metros de alto. En su dise\u00f1o encontramos elementos que le proporcionan un estilo \u00fanico y personal, entre los que destacan los Airbump en los laterales, sus grandes ruedas, las barras en el techo o las <strong>dos salidas de escape cromadas<\/strong>. Adem\u00e1s, permite una gran personalidad  y est\u00e1 disponible en 30 combinaciones exteriores diferentes, siete colores de carrocer\u00eda, una propuesta de techo bitono negro y tres packs de color formados por inserciones coloreadas sobre el paragolpes delantero. <\/p>\n<p><\/p>\n<p><\/p>\n<div class=\"wp-block-image\">\n<figure class=\"alignright\"><img loading=\"lazy\" decoding=\"async\" width=\"300\" height=\"200\" src=\"https:\/\/www.sibuscascoche.com\/noticias\/wp-content\/uploads\/2019\/10\/citroen-c5-aircross-interior.jpg\" alt=\"citroen c5 aircross, coche segunda mano\" class=\"wp-image-14979\"\/><\/figure>\n<\/div>\n<p><\/p>\n<p><\/p>\n<p>Por su parte, en su dise\u00f1o interior aumenta el espacio y se adquiere un aire distintivo. Tiene <strong>techo solar<\/strong> y la consola central es larga y alta que, junto con los asientos envolventes en posici\u00f3n elevada, permite que el conductor domine la ruta. Destaca tambi\u00e9n su cuadro de a bordo HD TFT personalizable de 31,2 cm (12,3\u00bb), que muestra toda las informaciones de conducci\u00f3n necesarias en su campo de visi\u00f3n. Una <strong>pantalla t\u00e1ctil de 8 pulgadas<\/strong> permite gestionar el veh\u00edculo y acceder tanto al sistema multimedia como al tel\u00e9fono, la climatizaci\u00f3n y la navegaci\u00f3n. <\/p>\n<p><\/p>\n<p><\/p>\n<h4 class=\"wp-block-heading\">Numerosas ayudas a la conducci\u00f3n<br \/> <\/h4>\n<p><\/p>\n<p><\/p>\n<p>Adem\u00e1s de espacioso y c\u00f3modo, el nuevo Citro\u00ebn C5 Aircross, est\u00e1 equipado con hasta 20 tecnolog\u00edas para aumentar tu seguridad en carretera. Las m\u00e1s destacadas son el <strong>sistema activo de control de \u00e1ngulo muerto<\/strong>, el<strong> aviso de cambio involuntario de cambio de carril<\/strong>, la <strong>alerta de riesgo de colisi\u00f3n<\/strong> o la <strong>alerta de atenci\u00f3n al conductor<\/strong>. <\/p>\n<p><\/p>\n<p><\/p>\n<h4 class=\"wp-block-heading\">Oferta mec\u00e1nica<br \/> <\/h4>\n<p><\/p>\n<p><\/p>\n<p>La marca francesa ofrece <strong>dos opciones de gasolina, el PureTech 130 S&amp;S 6v y el PureTech 180 S&amp;S EAT8<\/strong>; y <strong>tres variantes di\u00e9sel<\/strong>, el <strong>BlueHDi 130 S&amp;S 6v, el Blue HDi 130 S&amp;S EAT8<\/strong> y el <strong>Blue HDi 180 S&amp;S EAT 8.<\/strong> <\/p>\n<p><\/p>\n<p><\/p>\n<p>No hay que olvidarse de que ser\u00e1 el primer veh\u00edculo de Citro\u00ebn que tendr\u00e1 una versi\u00f3n h\u00edbrida enchufable, que saldr\u00e1 al mercado en la primavera del pr\u00f3ximo a\u00f1o.<\/p>\n<p><\/p>\n<p><\/p>\n<p>Reserva ya tu nuevo Citro\u00ebn C5 Aircross en tu concesionario Galicia. Un SUV <strong>ampliamente equipado en tecnolog\u00eda <\/strong>y seguridad <strong>por menos de 20.000 euros.<\/strong><\/p>\n<p><\/p>\n","protected":false},"excerpt":{"rendered":"<p>El nuevo modelo de la firma francesa se une al segmento C de todocaminos, el que m\u00e1s crece en Espa\u00f1a. Un veh\u00edculo espacioso, moderno e ideal para moverte por ciudad<\/p>\n","protected":false},"author":6,"featured_media":14978,"comment_status":"closed","ping_status":"open","sticky":false,"template":"","format":"standard","meta":{"footnotes":""},"categories":[1,8],"tags":[1277,1054],"class_list":["post-14976","post","type-post","status-publish","format-standard","has-post-thumbnail","hentry","category-actualidad","category-lanzamientos","tag-citroen-c5-aircross","tag-coche-de-segunda-mano"],"_links":{"self":[{"href":"https:\/\/www.sibuscascoche.com\/noticias\/wp-json\/wp\/v2\/posts\/14976","targetHints":{"allow":["GET"]}}],"collection":[{"href":"https:\/\/www.sibuscascoche.com\/noticias\/wp-json\/wp\/v2\/posts"}],"about":[{"href":"https:\/\/www.sibuscascoche.com\/noticias\/wp-json\/wp\/v2\/types\/post"}],"author":[{"embeddable":true,"href":"https:\/\/www.sibuscascoche.com\/noticias\/wp-json\/wp\/v2\/users\/6"}],"replies":[{"embeddable":true,"href":"https:\/\/www.sibuscascoche.com\/noticias\/wp-json\/wp\/v2\/comments?post=14976"}],"version-history":[{"count":5,"href":"https:\/\/www.sibuscascoche.com\/noticias\/wp-json\/wp\/v2\/posts\/14976\/revisions"}],"predecessor-version":[{"id":14985,"href":"https:\/\/www.sibuscascoche.com\/noticias\/wp-json\/wp\/v2\/posts\/14976\/revisions\/14985"}],"wp:featuredmedia":[{"embeddable":true,"href":"https:\/\/www.sibuscascoche.com\/noticias\/wp-json\/wp\/v2\/media\/14978"}],"wp:attachment":[{"href":"https:\/\/www.sibuscascoche.com\/noticias\/wp-json\/wp\/v2\/media?parent=14976"}],"wp:term":[{"taxonomy":"category","embeddable":true,"href":"https:\/\/www.sibuscascoche.com\/noticias\/wp-json\/wp\/v2\/categories?post=14976"},{"taxonomy":"post_tag","embeddable":true,"href":"https:\/\/www.sibuscascoche.com\/noticias\/wp-json\/wp\/v2\/tags?post=14976"}],"curies":[{"name":"wp","href":"https:\/\/api.w.org\/{rel}","templated":true}]}}