{"id":14928,"date":"2019-09-27T08:53:06","date_gmt":"2019-09-27T06:53:06","guid":{"rendered":"https:\/\/www.sibuscascoche.com\/noticias\/?p=14928"},"modified":"2019-09-27T09:03:39","modified_gmt":"2019-09-27T07:03:39","slug":"kia-xceed-ceed-tourer-hibrido-concesionario-galicia","status":"publish","type":"post","link":"https:\/\/www.sibuscascoche.com\/noticias\/2019\/kia-xceed-ceed-tourer-hibrido-concesionario-galicia\/","title":{"rendered":"Xceed y Ceed Tourer PHEV, la familia h\u00edbrida de Kia sigue aumentando"},"content":{"rendered":"<p><\/p>\n<p><strong>La marca coreana no quiere quedarse desactualizada y cada vez acelera m\u00e1s el ritmo en la carrera por electrificar todos sus modelos.<\/strong> Esta vez le ha tocado a su compacto Ceed, concretamente a las variantes Xceed y Ceed Tourer PHEV. Kia demuestra con su campa\u00f1a una clara adaptaci\u00f3n a los tiempos y a las nuevas normativas. Muy pronto m\u00e1s modelos se unir\u00e1n a la familia h\u00edbrida o ser\u00e1n creados totalmente con una variante el\u00e9ctrica. Aqu\u00ed te contamos algunos detalles de estos nuevos veh\u00edculos que estar\u00e1n disponibles en menos de lo que esperas en tu <strong>Concesionario Kia Galicia<\/strong>.<\/p>\n<p><\/p>\n<p><\/p>\n<h4 class=\"wp-block-heading\">Detalles est\u00e9ticos<br \/><\/h4>\n<p><\/p>\n<p><\/p>\n<div class=\"wp-block-image\">\n<figure class=\"alignright\"><img loading=\"lazy\" decoding=\"async\" width=\"300\" height=\"200\" src=\"https:\/\/www.sibuscascoche.com\/noticias\/wp-content\/uploads\/2019\/09\/kia-xceed-salpicadero.jpg\" alt=\"concesionario kia galicia, hibridos, kia xceed, ceed tourer phev\" class=\"wp-image-14931\"\/><\/figure>\n<\/div>\n<p><\/p>\n<p><\/p>\n<p>Su dise\u00f1o no sufre grandes cambios, pero s\u00ed que encontramos <strong>gui\u00f1os con aire deportivo<\/strong> en estos nuevos modelos. Adem\u00e1s, algunas caracter\u00edsticas est\u00e9ticas ayudan a mejorar la aerodin\u00e1mica del veh\u00edculo, como la parrilla m\u00e1s cerrada que podemos ver en ellos. <strong>El  Ceed Tourer equipa tambi\u00e9n algunos elementos de la gama GT Line, mientras que en el modelo XCeed PHEV se pueden solicitar llantas de 18&#8243;.<\/strong><\/p>\n<p><\/p>\n<p><\/p>\n<p><strong>El maletero reduce un poco su capacidad para incluir un espacio para guardar el cable de carga.<\/strong><\/p>\n<p><\/p>\n<p><\/p>\n<p>Los nuevos veh\u00edculos incluyen tambi\u00e9n <strong>nuevas funciones de infoentretenimiento<\/strong> y un indicador de carga en la parte superior del salpicadero.<\/p>\n<p><\/p>\n<p><\/p>\n<h4 class=\"wp-block-heading\">Caracter\u00edsticas t\u00e9cnicas<br \/><\/h4>\n<p><\/p>\n<p><\/p>\n<p><strong>Los dos modelos tendr\u00e1n un sistema de propulsi\u00f3n de gasolina de 1.6 litros y un motor el\u00e9ctrico de 44,5 kW (60 CV),<\/strong> que estar\u00e1 alimentado por una <strong>bater\u00eda de 8,9 kWh<\/strong>. Un tren de rodaje totalmente h\u00edbrido con una potencia total de 141 CV. Tambi\u00e9n contar\u00e1 con una <strong>caja de cambios autom\u00e1tica de seis velocidades<\/strong> y <strong>doble embrague.<\/strong><\/p>\n<p><\/p>\n<p><\/p>\n<p>Todav\u00eda no se han homologado los consumos pero ya sabemos que estos autom\u00f3viles contar\u00e1n con la etiqueta ECO de la DGT.<\/p>\n<p><\/p>\n<p><\/p>\n<p>Los Kia Xceed y Ceed Tourer PHEV solo se comercializar\u00e1n en Europa. En 2020 podr\u00e1s reservar el tuyo en el Concesionario Kia Galicia.<\/p>\n<p><\/p>\n","protected":false},"excerpt":{"rendered":"<p>La marca coreana no quiere quedarse desactualizada y cada vez acelera m\u00e1s el ritmo en la carrera por electrificar todos sus modelos. Esta vez le ha tocado a su compacto<\/p>\n","protected":false},"author":6,"featured_media":14930,"comment_status":"closed","ping_status":"open","sticky":false,"template":"","format":"standard","meta":{"footnotes":""},"categories":[1,8],"tags":[1484,1482,1483],"class_list":["post-14928","post","type-post","status-publish","format-standard","has-post-thumbnail","hentry","category-actualidad","category-lanzamientos","tag-ceed-tourer-phev","tag-concesionario-kia-galicia","tag-xceed"],"_links":{"self":[{"href":"https:\/\/www.sibuscascoche.com\/noticias\/wp-json\/wp\/v2\/posts\/14928","targetHints":{"allow":["GET"]}}],"collection":[{"href":"https:\/\/www.sibuscascoche.com\/noticias\/wp-json\/wp\/v2\/posts"}],"about":[{"href":"https:\/\/www.sibuscascoche.com\/noticias\/wp-json\/wp\/v2\/types\/post"}],"author":[{"embeddable":true,"href":"https:\/\/www.sibuscascoche.com\/noticias\/wp-json\/wp\/v2\/users\/6"}],"replies":[{"embeddable":true,"href":"https:\/\/www.sibuscascoche.com\/noticias\/wp-json\/wp\/v2\/comments?post=14928"}],"version-history":[{"count":3,"href":"https:\/\/www.sibuscascoche.com\/noticias\/wp-json\/wp\/v2\/posts\/14928\/revisions"}],"predecessor-version":[{"id":14946,"href":"https:\/\/www.sibuscascoche.com\/noticias\/wp-json\/wp\/v2\/posts\/14928\/revisions\/14946"}],"wp:featuredmedia":[{"embeddable":true,"href":"https:\/\/www.sibuscascoche.com\/noticias\/wp-json\/wp\/v2\/media\/14930"}],"wp:attachment":[{"href":"https:\/\/www.sibuscascoche.com\/noticias\/wp-json\/wp\/v2\/media?parent=14928"}],"wp:term":[{"taxonomy":"category","embeddable":true,"href":"https:\/\/www.sibuscascoche.com\/noticias\/wp-json\/wp\/v2\/categories?post=14928"},{"taxonomy":"post_tag","embeddable":true,"href":"https:\/\/www.sibuscascoche.com\/noticias\/wp-json\/wp\/v2\/tags?post=14928"}],"curies":[{"name":"wp","href":"https:\/\/api.w.org\/{rel}","templated":true}]}}