{"id":1491,"date":"2014-02-15T11:20:37","date_gmt":"2014-02-15T10:20:37","guid":{"rendered":"https:\/\/www.sibuscascoche.com\/noticias\/?p=1491"},"modified":"2015-07-03T17:17:04","modified_gmt":"2015-07-03T15:17:04","slug":"asi-sera-el-nuevo-audi-tt","status":"publish","type":"post","link":"https:\/\/www.sibuscascoche.com\/noticias\/2014\/asi-sera-el-nuevo-audi-tt\/","title":{"rendered":"As\u00ed ser\u00e1 el nuevo Audi TT"},"content":{"rendered":"<p style=\"text-align: justify;\"><span style=\"line-height: 1.5em;\">Hace unos d\u00edas el jefe t\u00e9cnico de Audi, Ulrich Hackenberg, anunciaba en el Sal\u00f3n de Detroit que la firma realizar\u00eda la presentaci\u00f3n del nuevo <\/span><span style=\"color: #0079b6;\"><a href=\"https:\/\/www.sibuscascoche.com\/coches-ocasion\/audi\/tt\"><span style=\"color: #0079b6;\"><b style=\"line-height: 1.5em;\">Audi TT<\/b><\/span><\/a><\/span><span style=\"line-height: 1.5em;\"> en el Sal\u00f3n de Ginebra 2014 que se celebrar\u00e1 en el mes de marzo. No obstante, ya conocemos algunos detalles sobre este nuevo veh\u00edculo debido a lo que ha podido ser captado durante la fase de pruebas del mismo. Pero adem\u00e1s, la marca alemana ya ha dado a conocer algunos datos sobre esta nueva versi\u00f3n que, al parecer, comparte los rasgos est\u00e9ticos de algunos modelos de la marca.<\/span><\/p>\n<h5 style=\"text-align: justify;\"><b>Est\u00e9tica del veh\u00edculo<\/b><\/h5>\n<p style=\"text-align: justify;\"><img loading=\"lazy\" decoding=\"async\" class=\"alignright size-full wp-image-1498\" alt=\"audi tt, audi ocasi\u00f3n, coche km0\" src=\"https:\/\/www.sibuscascoche.com\/noticias\/wp-content\/uploads\/2014\/02\/comprar-audi-tt.jpg\" width=\"300\" height=\"200\" \/>En lo que se refiere a la est\u00e9tica del exterior, la <b>silueta es muy parecida a la de sus predecesores<\/b>, pero con un frontal m\u00e1s similar a los nuevos modelos que la marca ha lanzado en los \u00faltimos tiempos y con unos faros mucho m\u00e1s alargados. Este dise\u00f1o se debe a Ferdinand Piech que tom\u00f3 la decisi\u00f3n de seguir siendo fiel a la est\u00e9tica del <b>Audi TT<\/b> de siempre con sus formas caracter\u00edsticas.<\/p>\n<p style=\"text-align: justify;\">No obstante, es muy probable que la firma haya recuperado algunos de los elementos distintivos de la primera generaci\u00f3n del coup\u00e9 de Audi, pero al mismo tiempo fusion\u00e1ndolos con la est\u00e9tica moderna y deportiva de la segunda versi\u00f3n que a\u00fan se encuentra a la venta, como han afirmado fuentes cercanas al proyecto. Adem\u00e1s todo parece indicar que esta misma est\u00e9tica se mantendr\u00e1 para la versi\u00f3n descapotable que se espera saldr\u00e1 un a\u00f1o despu\u00e9s.<\/p>\n<p style=\"text-align: justify;\">Por otro lado, a pesar de que las dimensiones no sufrir\u00e1n muchos cambios, parece que las v\u00edas si ser\u00e1n m\u00e1s anchas. Cambios dirigidos a lograr una <strong>mayor estabilidad<\/strong>.<\/p>\n<p style=\"text-align: justify;\">En el apartado aerodin\u00e1mico, el nuevo veh\u00edculo de Audi continuar\u00e1 apostando por la <b>tracci\u00f3n delantera o la integral<\/b> en funci\u00f3n de la versi\u00f3n elegida. Pero adem\u00e1s en la actualidad se encuentra trabajando en un proyecto para incluir una mayor cantidad de componentes fabricados en aluminio para <b>reducir el peso del coche<\/b>, tal y como ha hecho ya su rival el Porshe Cayman.<\/p>\n<h5 style=\"text-align: justify;\"><b>Motor y potencia<\/b><\/h5>\n<p style=\"text-align: justify;\">Aunque a\u00fan sabemos poco sobre el sistema mec\u00e1nico del nuevo <b>Audi TT<\/b>, todo apunta a que se incluir\u00e1 un motor de gasolina 1.8 TFSI de 180 CV, dos 2.0 TFSI de 220 y 300 CV y un motor Diesel TDI de 150 CV. Puede que para principios de 2015 se incorpore adem\u00e1s el Audi TT RS que contar\u00eda con un motor de 2,5 DE HASTA 380 CV.<\/p>\n<h5 style=\"text-align: justify;\"><b>Equipamiento<\/b><\/h5>\n<p style=\"text-align: justify;\">En esta nueva versi\u00f3n Audi ha decidido prescindir de la cl\u00e1sica pantalla central y la sustituye por una pantalla TFT de alta resoluci\u00f3n y con un tama\u00f1o aproximado de 12 pulgadas que tiene el veloc\u00edmetro y el cuentarrevoluciones como protagonistas. Adem\u00e1s el proceso para activar este sistema multimedia ser\u00e1 simplificado para que resulte m\u00e1s sencillo para el usuario.<\/p>\n<p style=\"text-align: justify;\">De momento, las \u00fanicas fotograf\u00edas oficiales disponibles de este nuevo modelo corresponden a su interior, pero estaremos atentos al Sal\u00f3n de Ginebra para mostraros cuanto antes las novedades exteriores.<\/p>\n","protected":false},"excerpt":{"rendered":"<p>Hace unos d\u00edas el jefe t\u00e9cnico de Audi, Ulrich Hackenberg, anunciaba en el Sal\u00f3n de Detroit que la firma realizar\u00eda la presentaci\u00f3n del nuevo Audi TT en el Sal\u00f3n de<\/p>\n","protected":false},"author":1,"featured_media":1496,"comment_status":"closed","ping_status":"open","sticky":false,"template":"","format":"standard","meta":{"footnotes":""},"categories":[1,8],"tags":[18],"class_list":["post-1491","post","type-post","status-publish","format-standard","has-post-thumbnail","hentry","category-actualidad","category-lanzamientos","tag-audi"],"_links":{"self":[{"href":"https:\/\/www.sibuscascoche.com\/noticias\/wp-json\/wp\/v2\/posts\/1491","targetHints":{"allow":["GET"]}}],"collection":[{"href":"https:\/\/www.sibuscascoche.com\/noticias\/wp-json\/wp\/v2\/posts"}],"about":[{"href":"https:\/\/www.sibuscascoche.com\/noticias\/wp-json\/wp\/v2\/types\/post"}],"author":[{"embeddable":true,"href":"https:\/\/www.sibuscascoche.com\/noticias\/wp-json\/wp\/v2\/users\/1"}],"replies":[{"embeddable":true,"href":"https:\/\/www.sibuscascoche.com\/noticias\/wp-json\/wp\/v2\/comments?post=1491"}],"version-history":[{"count":7,"href":"https:\/\/www.sibuscascoche.com\/noticias\/wp-json\/wp\/v2\/posts\/1491\/revisions"}],"predecessor-version":[{"id":5856,"href":"https:\/\/www.sibuscascoche.com\/noticias\/wp-json\/wp\/v2\/posts\/1491\/revisions\/5856"}],"wp:featuredmedia":[{"embeddable":true,"href":"https:\/\/www.sibuscascoche.com\/noticias\/wp-json\/wp\/v2\/media\/1496"}],"wp:attachment":[{"href":"https:\/\/www.sibuscascoche.com\/noticias\/wp-json\/wp\/v2\/media?parent=1491"}],"wp:term":[{"taxonomy":"category","embeddable":true,"href":"https:\/\/www.sibuscascoche.com\/noticias\/wp-json\/wp\/v2\/categories?post=1491"},{"taxonomy":"post_tag","embeddable":true,"href":"https:\/\/www.sibuscascoche.com\/noticias\/wp-json\/wp\/v2\/tags?post=1491"}],"curies":[{"name":"wp","href":"https:\/\/api.w.org\/{rel}","templated":true}]}}