{"id":14845,"date":"2019-09-04T12:50:50","date_gmt":"2019-09-04T10:50:50","guid":{"rendered":"https:\/\/www.sibuscascoche.com\/noticias\/?p=14845"},"modified":"2019-09-04T13:11:25","modified_gmt":"2019-09-04T11:11:25","slug":"salon-de-frankfurt-2019-descubre-todas-las-novedades","status":"publish","type":"post","link":"https:\/\/www.sibuscascoche.com\/noticias\/2019\/salon-de-frankfurt-2019-descubre-todas-las-novedades\/","title":{"rendered":"Sal\u00f3n de Frankfurt 2019, descubre todas las novedades"},"content":{"rendered":"<p><\/p>\n<p>El sector automovil\u00edstico celebra una de sus grandes puestas de largo en septiembre, ya que <strong>a partir del d\u00eda 12 abre sus puertas el Sal\u00f3n del Autom\u00f3vil de Frankfurt. <\/strong>Como cada dos a\u00f1os, esta feria permite a las marcas presentar sus nuevos modelos o prototipos que ver\u00e1n la luz en el futuro. <strong>Hasta el d\u00eda 22 se podr\u00e1n ver todos los veh\u00edculos que marcar\u00e1n el camino y el cambio en el sector. <\/strong>Est\u00e1 claro que los el\u00e9ctricos ser\u00e1n el futuro y la mayor\u00eda de marcas aprovechar\u00e1n para presentar sus propuestas. Aqu\u00ed te contamos algunos detalles y te iremos informando de todas las novedades.<\/p>\n<p><\/p>\n<p><\/p>\n<h4 class=\"wp-block-heading\">Primeras filtraciones<br \/><\/h4>\n<p><\/p>\n<p><\/p>\n<div class=\"wp-block-image\">\n<figure class=\"alignright\"><img loading=\"lazy\" decoding=\"async\" width=\"300\" height=\"200\" src=\"https:\/\/www.sibuscascoche.com\/noticias\/wp-content\/uploads\/2019\/09\/audi-rs4-avant.jpg\" alt=\"salon del automovil frankfurt 2019, salon frankfurt\" class=\"wp-image-14848\"\/><\/figure>\n<\/div>\n<p><\/p>\n<p><\/p>\n<p>Entre los modelos que podremos ver en el IAA 2019 est\u00e1n el <strong>Audi RS Avant 2020 y el BMW M8, <\/strong>el nuevo <strong>Volkswagen Golf 8<\/strong>, el nuevo <strong>Seat Le\u00f3n<\/strong> y el <strong>Porsche Taycan<\/strong>, el primer deportivo el\u00e9ctrico de la firma.<\/p>\n<p><\/p>\n<p><\/p>\n<p><strong>Audi tambi\u00e9n podr\u00eda mostrar el nuevo e-tron Sportback en su fase de producci\u00f3n.<\/strong> Este modelo ser\u00eda el segundo coche el\u00e9ctrico de la compa\u00f1\u00eda, que se est\u00e1 renovando lenta pero progresivamente. Otras novedades que se pueden sumar a este evento de referencia del autom\u00f3vil son el Mercedes EQV o el Mercedes GLB, as\u00ed como el nuevo Opel Corsa-e (totalmente el\u00e9ctrico), el renovado Renault Captur 2020 y la segunda generaci\u00f3n de un popular crossover, el Nissan Juke 2020.<\/p>\n<p><\/p>\n<p><\/p>\n<h4 class=\"wp-block-heading\">Evoluci\u00f3n del sector<br \/><\/h4>\n<p><\/p>\n<p><\/p>\n<p>El Sal\u00f3n del Autom\u00f3vil de Frankfurt 2019 ser\u00e1 uno de los mejores escaparates para las compa\u00f1\u00edas m\u00e1s importantes del sector. Esta feria servir\u00e1 para conocer lo que se est\u00e1 haciendo y marcar\u00e1 la evoluci\u00f3n de las diferentes marcas. Est\u00e1 claro que <strong>cada vez se apuesta por coches m\u00e1s inteligentes, m\u00e1s seguros y conectados, y centrados en el conductor. <\/strong>Los nuevos sistemas de propulsi\u00f3n tambi\u00e9n ser\u00e1n clave y poco a poco todas las marcas muestran modelos totalmente el\u00e9ctricos. <\/p>\n<p><\/p>\n<p><\/p>\n<p>Las marcas seguir\u00e1n innovando y sorprendi\u00e9ndonos y aqu\u00ed os iremos contando todas las novedades de un sector que mostrar\u00e1 en los pr\u00f3ximos a\u00f1os sus productos estrella para poder mantenerse y sobrevivir.<\/p>\n<p><\/p>\n","protected":false},"excerpt":{"rendered":"<p>El sector automovil\u00edstico celebra una de sus grandes puestas de largo en septiembre, ya que a partir del d\u00eda 12 abre sus puertas el Sal\u00f3n del Autom\u00f3vil de Frankfurt. Como<\/p>\n","protected":false},"author":6,"featured_media":14847,"comment_status":"closed","ping_status":"open","sticky":false,"template":"","format":"standard","meta":{"footnotes":""},"categories":[1],"tags":[1475],"class_list":["post-14845","post","type-post","status-publish","format-standard","has-post-thumbnail","hentry","category-actualidad","tag-salon-del-automovil-frankfurt-2019"],"_links":{"self":[{"href":"https:\/\/www.sibuscascoche.com\/noticias\/wp-json\/wp\/v2\/posts\/14845","targetHints":{"allow":["GET"]}}],"collection":[{"href":"https:\/\/www.sibuscascoche.com\/noticias\/wp-json\/wp\/v2\/posts"}],"about":[{"href":"https:\/\/www.sibuscascoche.com\/noticias\/wp-json\/wp\/v2\/types\/post"}],"author":[{"embeddable":true,"href":"https:\/\/www.sibuscascoche.com\/noticias\/wp-json\/wp\/v2\/users\/6"}],"replies":[{"embeddable":true,"href":"https:\/\/www.sibuscascoche.com\/noticias\/wp-json\/wp\/v2\/comments?post=14845"}],"version-history":[{"count":6,"href":"https:\/\/www.sibuscascoche.com\/noticias\/wp-json\/wp\/v2\/posts\/14845\/revisions"}],"predecessor-version":[{"id":14857,"href":"https:\/\/www.sibuscascoche.com\/noticias\/wp-json\/wp\/v2\/posts\/14845\/revisions\/14857"}],"wp:featuredmedia":[{"embeddable":true,"href":"https:\/\/www.sibuscascoche.com\/noticias\/wp-json\/wp\/v2\/media\/14847"}],"wp:attachment":[{"href":"https:\/\/www.sibuscascoche.com\/noticias\/wp-json\/wp\/v2\/media?parent=14845"}],"wp:term":[{"taxonomy":"category","embeddable":true,"href":"https:\/\/www.sibuscascoche.com\/noticias\/wp-json\/wp\/v2\/categories?post=14845"},{"taxonomy":"post_tag","embeddable":true,"href":"https:\/\/www.sibuscascoche.com\/noticias\/wp-json\/wp\/v2\/tags?post=14845"}],"curies":[{"name":"wp","href":"https:\/\/api.w.org\/{rel}","templated":true}]}}