{"id":14834,"date":"2019-09-16T08:50:15","date_gmt":"2019-09-16T06:50:15","guid":{"rendered":"https:\/\/www.sibuscascoche.com\/noticias\/?p=14834"},"modified":"2025-07-16T10:19:45","modified_gmt":"2025-07-16T08:19:45","slug":"bmw-logotipo-vehiculo-ocasion","status":"publish","type":"post","link":"https:\/\/www.sibuscascoche.com\/noticias\/2019\/bmw-logotipo-vehiculo-ocasion\/","title":{"rendered":"\u00bfConoces el origen del logotipo de BMW?"},"content":{"rendered":"<p><\/p>\n<p>Puede que lleves conduciendo un veh\u00edculo de esta prestigiosa marca toda tu vida pero nunca te hayas parado a pensar en su logo, <strong>uno de los m\u00e1s famosos y representativos de la historia. <\/strong>Seguro que tienes en la mente su forma y sus colores pero, \u00bfsabes de d\u00f3nde procede? En este art\u00edculo te lo contamos para que tanto si tienes un BMW nuevo como un <strong><a href=\"https:\/\/www.sibuscascoche.com\/coches-ocasion\/bmw\">veh\u00edculo BMW de ocasi\u00f3n<\/a><\/strong> puedas conocer la historia de la marca.<\/p>\n<p><\/p>\n<p><\/p>\n<h4 class=\"wp-block-heading\">Los or\u00edgenes<br \/><\/h4>\n<p><\/p>\n<p><\/p>\n<p><strong>El predecesor de BMW fue la empresa Rapp Motorenwerke Gmbh, fundada en 1913 por Karl Rapp.<\/strong> Esta empresa se dedicaba a desarrollar motores de avi\u00f3n, los cuales eran todo un \u00e9xito. En 1917 nace Bayerische Motoren Werke o Bavarian Motor Works y comienza la fabricaci\u00f3n de motores para motocicletas.<strong> Como el nombre era demasiado largo lo redujeron a BMW.<\/strong><\/p>\n<p><\/p>\n<p><\/p>\n<h4 class=\"wp-block-heading\">El logotipo<br \/><\/h4>\n<p><\/p>\n<p><\/p>\n<figure class=\"wp-block-image alignright\"><img loading=\"lazy\" decoding=\"async\" width=\"300\" height=\"200\" src=\"https:\/\/www.sibuscascoche.com\/noticias\/wp-content\/uploads\/2019\/09\/rapp-motor-logo.jpg\" alt=\"logotipo bmw, bmv, rapp motor\" class=\"wp-image-14836\"\/><\/figure>\n<p><\/p>\n<p><\/p>\n<p>El primer logotipo era similar al de Rapp Motorenwerke, unos anillos exteriores y las tres cl\u00e1sicas letras encima. Pero, al contrario de los que muchos piensan, los c\u00edrculos del interior no representan una h\u00e9lice ni su movimiento, sino que se refieren al estado de origen de la marca, Baviera. Por otro lado, los colores blancos y azules tambi\u00e9n est\u00e1n en consonancia con los colores de la bandera del pa\u00eds mencionado. <\/p>\n<p><\/p>\n<p><\/p>\n<h4 class=\"wp-block-heading\">La evoluci\u00f3n<br \/><\/h4>\n<p><\/p>\n<p><\/p>\n<p>El cl\u00e1sico logotipo de la marca de veh\u00edculos alemana ha sufrido cambios muy sutiles con el paso del tiempo. BMW ha querido ser fiel a su esp\u00edritu tradicional y esto ha hecho que <strong>este logotipo sea todo un emblema y uno de los m\u00e1s reconocidos internacionalmente. <\/strong>Algunos de los cambios hacen referencia al color de las letras, que ha pasado de dorado a blanco, y tambi\u00e9n se ha modificado el di\u00e1metro del logotipo.<\/p>\n<p><\/p>\n<p><\/p>\n<p>BMW sigue ofreciendo productos de alta calidad que solo han mejorado con el paso de los a\u00f1os, aqu\u00ed te dejamos un poco de historia para poder entender mejor la evoluci\u00f3n de las marcas en la actualidad.<\/p>\n<p><\/p>\n","protected":false},"excerpt":{"rendered":"<p>Puede que lleves conduciendo un veh\u00edculo de esta prestigiosa marca toda tu vida pero nunca te hayas parado a pensar en su logo, uno de los m\u00e1s famosos y representativos<\/p>\n","protected":false},"author":6,"featured_media":14837,"comment_status":"closed","ping_status":"open","sticky":false,"template":"","format":"standard","meta":{"footnotes":""},"categories":[1],"tags":[111,1473],"class_list":["post-14834","post","type-post","status-publish","format-standard","has-post-thumbnail","hentry","category-actualidad","tag-bmw","tag-logotipo-bmw"],"_links":{"self":[{"href":"https:\/\/www.sibuscascoche.com\/noticias\/wp-json\/wp\/v2\/posts\/14834","targetHints":{"allow":["GET"]}}],"collection":[{"href":"https:\/\/www.sibuscascoche.com\/noticias\/wp-json\/wp\/v2\/posts"}],"about":[{"href":"https:\/\/www.sibuscascoche.com\/noticias\/wp-json\/wp\/v2\/types\/post"}],"author":[{"embeddable":true,"href":"https:\/\/www.sibuscascoche.com\/noticias\/wp-json\/wp\/v2\/users\/6"}],"replies":[{"embeddable":true,"href":"https:\/\/www.sibuscascoche.com\/noticias\/wp-json\/wp\/v2\/comments?post=14834"}],"version-history":[{"count":5,"href":"https:\/\/www.sibuscascoche.com\/noticias\/wp-json\/wp\/v2\/posts\/14834\/revisions"}],"predecessor-version":[{"id":18142,"href":"https:\/\/www.sibuscascoche.com\/noticias\/wp-json\/wp\/v2\/posts\/14834\/revisions\/18142"}],"wp:featuredmedia":[{"embeddable":true,"href":"https:\/\/www.sibuscascoche.com\/noticias\/wp-json\/wp\/v2\/media\/14837"}],"wp:attachment":[{"href":"https:\/\/www.sibuscascoche.com\/noticias\/wp-json\/wp\/v2\/media?parent=14834"}],"wp:term":[{"taxonomy":"category","embeddable":true,"href":"https:\/\/www.sibuscascoche.com\/noticias\/wp-json\/wp\/v2\/categories?post=14834"},{"taxonomy":"post_tag","embeddable":true,"href":"https:\/\/www.sibuscascoche.com\/noticias\/wp-json\/wp\/v2\/tags?post=14834"}],"curies":[{"name":"wp","href":"https:\/\/api.w.org\/{rel}","templated":true}]}}