{"id":14819,"date":"2019-09-04T11:58:34","date_gmt":"2019-09-04T09:58:34","guid":{"rendered":"https:\/\/www.sibuscascoche.com\/noticias\/?p=14819"},"modified":"2019-09-04T11:58:35","modified_gmt":"2019-09-04T09:58:35","slug":"audi-q3-2018-concesionario-galicia","status":"publish","type":"post","link":"https:\/\/www.sibuscascoche.com\/noticias\/2019\/audi-q3-2018-concesionario-galicia\/","title":{"rendered":"Descubre el interior del Audi Q3"},"content":{"rendered":"<p><\/p>\n<p>La segunda generaci\u00f3n del modelo de la firma de los cuatro aros todav\u00eda esconde detalles que solo conocen los que lo est\u00e1n disfrutando. Audi comenz\u00f3 su comercializaci\u00f3n a finales del a\u00f1o pasado y las ventas no paran de mejorar. <strong>Este SUV de lujo es el coche ideal para moverte por ciudad o realizar viajes largos. <\/strong>Descubre aqu\u00ed algunos de sus secretos mejor guardados y reserva ya el tuyo en tu <strong>Concesionario Galicia<\/strong>.<\/p>\n<p><\/p>\n<p><\/p>\n<h4 class=\"wp-block-heading\">A la \u00faltima en tecnolog\u00eda \u00abo no\u00bb<br \/><\/h4>\n<p><\/p>\n<p><\/p>\n<p>El nuevo Audi Q3 incorpora los sistemas m\u00e1s avanzados de seguridad, ayuda a la conducci\u00f3n e infoentretenimiento. <strong>Entre la tecnolog\u00eda que incluye en su interior destaca el Audi Virtual Cockpit, <\/strong>el <strong>cuadro de mandos digital, <\/strong>con 12,3 pulgadas, y una pantalla t\u00e1ctil de 10,1 pulgadas. Estos elementos no se incluyen de serie. Los modelos m\u00e1s b\u00e1sicos incorporan piezas m\u00e1s cl\u00e1sicas y una pantalla m\u00e1s peque\u00f1a.<\/p>\n<p><\/p>\n<p><\/p>\n<h4 class=\"wp-block-heading\">Muy amplio y confortable<br \/><\/h4>\n<p><\/p>\n<p><\/p>\n<p>Una de sus caracter\u00edsticas m\u00e1s ventajosas es la amplitud que se respira en su interior, <strong>un habit\u00e1culo con gran espacio para los ocupantes.<\/strong> Adem\u00e1s de la comodidad y ergonom\u00eda de todos sus asientos, en el caso de los traseros, \u00e9stos pueden ser desplazados longitudinalmente y <strong>los respaldos pueden inclinarse.<\/strong> No hay que olvidarse que tambi\u00e9n pueden abatirse completamente para aumentar la capacidad del maletero.<\/p>\n<p><\/p>\n<p><\/p>\n<h4 class=\"wp-block-heading\">Gran variedad est\u00e9tica<br \/><\/h4>\n<p><\/p>\n<p><\/p>\n<div class=\"wp-block-image\">\n<figure class=\"alignright\"><img loading=\"lazy\" decoding=\"async\" width=\"300\" height=\"200\" src=\"https:\/\/www.sibuscascoche.com\/noticias\/wp-content\/uploads\/2019\/08\/audi-q3-2018-interior.jpg\" alt=\"audi q3, audi q3 2018, concesionario galicia\" class=\"wp-image-14821\"\/><\/figure>\n<\/div>\n<p><\/p>\n<p><\/p>\n<p>Los clientes del nuevo modelo pueden elegir entre diferentes dise\u00f1os para su interior y exterior. <strong>Para el interior est\u00e1 disponible una decoraci\u00f3n b\u00e1sica y una S-Line.<\/strong> Adem\u00e1s, es posible incorporar materiales de lujo en diferentes partes, como el cuero o el Alc\u00e1ntara. Tampoco hay que olvidarse de otros extras como el paquete de luces de colores para crear ambientes exclusivos.<\/p>\n<p><\/p>\n<p><\/p>\n<p>Aqu\u00ed te dejamos algunas pinceladas que igual no conoc\u00edas de este todocaminos amplio, seguro y que exalta el gusto por la conducci\u00f3n y la elegancia. \u00bfA qu\u00e9 est\u00e1s esperando para reservar el tuyo en tu Concesionario Galicia?<\/p>\n<p><\/p>\n","protected":false},"excerpt":{"rendered":"<p>La segunda generaci\u00f3n del modelo de la firma de los cuatro aros todav\u00eda esconde detalles que solo conocen los que lo est\u00e1n disfrutando. Audi comenz\u00f3 su comercializaci\u00f3n a finales del<\/p>\n","protected":false},"author":6,"featured_media":14822,"comment_status":"closed","ping_status":"open","sticky":false,"template":"","format":"standard","meta":{"footnotes":""},"categories":[1,8],"tags":[1091,1472,1289],"class_list":["post-14819","post","type-post","status-publish","format-standard","has-post-thumbnail","hentry","category-actualidad","category-lanzamientos","tag-audi-q3","tag-audi-q3-2018","tag-concesionario-galicia"],"_links":{"self":[{"href":"https:\/\/www.sibuscascoche.com\/noticias\/wp-json\/wp\/v2\/posts\/14819","targetHints":{"allow":["GET"]}}],"collection":[{"href":"https:\/\/www.sibuscascoche.com\/noticias\/wp-json\/wp\/v2\/posts"}],"about":[{"href":"https:\/\/www.sibuscascoche.com\/noticias\/wp-json\/wp\/v2\/types\/post"}],"author":[{"embeddable":true,"href":"https:\/\/www.sibuscascoche.com\/noticias\/wp-json\/wp\/v2\/users\/6"}],"replies":[{"embeddable":true,"href":"https:\/\/www.sibuscascoche.com\/noticias\/wp-json\/wp\/v2\/comments?post=14819"}],"version-history":[{"count":5,"href":"https:\/\/www.sibuscascoche.com\/noticias\/wp-json\/wp\/v2\/posts\/14819\/revisions"}],"predecessor-version":[{"id":14852,"href":"https:\/\/www.sibuscascoche.com\/noticias\/wp-json\/wp\/v2\/posts\/14819\/revisions\/14852"}],"wp:featuredmedia":[{"embeddable":true,"href":"https:\/\/www.sibuscascoche.com\/noticias\/wp-json\/wp\/v2\/media\/14822"}],"wp:attachment":[{"href":"https:\/\/www.sibuscascoche.com\/noticias\/wp-json\/wp\/v2\/media?parent=14819"}],"wp:term":[{"taxonomy":"category","embeddable":true,"href":"https:\/\/www.sibuscascoche.com\/noticias\/wp-json\/wp\/v2\/categories?post=14819"},{"taxonomy":"post_tag","embeddable":true,"href":"https:\/\/www.sibuscascoche.com\/noticias\/wp-json\/wp\/v2\/tags?post=14819"}],"curies":[{"name":"wp","href":"https:\/\/api.w.org\/{rel}","templated":true}]}}