{"id":1481,"date":"2014-02-18T10:21:56","date_gmt":"2014-02-18T09:21:56","guid":{"rendered":"https:\/\/www.sibuscascoche.com\/noticias\/?p=1481"},"modified":"2014-02-18T10:52:19","modified_gmt":"2014-02-18T09:52:19","slug":"volkswagen-beetle-dune","status":"publish","type":"post","link":"https:\/\/www.sibuscascoche.com\/noticias\/2014\/volkswagen-beetle-dune\/","title":{"rendered":"Volkswagen Beetle Dune, 210 CV y est\u00e9tica todoterreno"},"content":{"rendered":"<p style=\"text-align: justify;\">Nacido en 1938, el m\u00edtico <b>Wolkswagen Beetle<\/b> que se fabric\u00f3 hasta el a\u00f1o 2003 sigue siendo hoy el coche m\u00e1s vendido y durante m\u00e1s tiempo fabricado de toda la historia del autom\u00f3vil. Unos 21 millones de veh\u00edculos aproximadamente que hoy todav\u00eda pueden verse circulando por las carreteras. No obstante, este coche sigue siendo tendencia, ya que en el \u00faltimo Sal\u00f3n de Detroit la firma alemana anunciaba la creaci\u00f3n de un nuevo modelo inspirado en este autom\u00f3vil, el <b>Beetle Dune<\/b>. Un coche que adem\u00e1s significa todo un homenaje al 20 aniversario del Concept Car Concept One que inspirar\u00eda la nueva generaci\u00f3n de New Beetle y que fue presentado en el mismo lugar.<\/p>\n<h5 style=\"text-align: justify;\"><b>Caracter\u00edsticas est\u00e9ticas del Volkswagen Beetle Dune<\/b><\/h5>\n<p style=\"text-align: justify;\"><img loading=\"lazy\" decoding=\"async\" class=\"size-full wp-image-1487 alignright\" title=\"Volkswagen Beetle Dune | Sibuscascoche.com\" alt=\"vw beetle, coche km0\" src=\"https:\/\/www.sibuscascoche.com\/noticias\/wp-content\/uploads\/2014\/02\/vw-beetle-ocasion.jpg\" width=\"300\" height=\"200\" \/>El nuevo veh\u00edculo <b>Beetle Dune<\/b> se caracteriza por seguir la l\u00ednea de los Cross de Volkswagen y del Passat Alltrack, basado en a\u00f1adir elementos propios de un todoterreno al autom\u00f3vil tales como los pasos de rueda ensanchados y acabados en tonos negros, protectores de bajos delanteros y unos parachoques m\u00e1s fuertes con antinieblas dotados de luces de LED.<\/p>\n<p style=\"text-align: justify;\">Eso s\u00ed, el nuevo coche cuenta adem\u00e1s con algunas modificaciones como el <b>aumento de sus dimensiones<\/b> tanto a lo largo como a lo ancho, siendo tambi\u00e9n 5 cm m\u00e1s alto. Y aunque sus llantas son de mayor tama\u00f1o, a\u00fan no se trata todav\u00eda de un coche todoterreno, aunque est\u00e9ticamente puede parecerlo.<\/p>\n<p style=\"text-align: justify;\">En cuanto a la <b>est\u00e9tica del interior<\/b>, los colores que predominan son el amarillo anaranjado en la carrocer\u00eda con algunos detalles decorativos en tonos grises y negros en las puertas, en el salpicadero y en los asientos. Los asientos son de cuero negro y ofrecen sitio para 4 personas.<\/p>\n<h5 style=\"text-align: justify;\"><b>Potencia y motor<\/b><\/h5>\n<p style=\"text-align: justify;\">El nuevo veh\u00edculo de Volkswagen contar\u00e1 con una <b>potencia de unos 210 CV<\/b> y estar\u00e1 dotado con una mec\u00e1nica muy parecida a la del Beetle Turbo. La tracci\u00f3n seguir\u00e1 siendo solamente delantera a pesar de su aspecto de todoterreno.<\/p>\n<p style=\"text-align: justify;\">En cuanto a la velocidad, \u00e9ste <b>podr\u00e1 alcanzar hasta los 227 km\/h,<\/b> pasando de 0 a 100 en tan s\u00f3lo 7,5 segundos. Siendo su consumo de 10,2 litros\u00a0 en ciudad y de 8,1 litros en carretera.<\/p>\n<h5 style=\"text-align: justify;\"><b>Equipamiento<\/b><\/h5>\n<p style=\"text-align: justify;\">Cabe destacar que en la parte central del salpicadero encontramos una pantalla t\u00e1ctil de unas 7,7 pulgadas dotada con sistema Amoled, manteniendo la informaci\u00f3n de los inclin\u00f3metros del new <b>Beetle Dune<\/b> que fue presentado hace 14 a\u00f1os. Adem\u00e1s, el nuevo coche incluye la aplicaci\u00f3n <b>Volkswagen Sideways<\/b> donde informa sobre puntos de inter\u00e9s en el sistema de navegaci\u00f3n. De hecho, esta aplicaci\u00f3n es capaz de mostrarnos no s\u00f3lo los restaurantes m\u00e1s cercanos por donde el coche va circulando, sino adem\u00e1s donde est\u00e1n comiendo nuestros amigos y llevarnos hasta all\u00ed.<\/p>\n<p>Poco m\u00e1s puede decirse sobre este nuevo veh\u00edculo de la firma <b>Volkswagen<\/b>. No obstante, no podremos verlo circulando por nuestras carreteras hasta el a\u00f1o 2015. En cualquier caso, se espera que su gran parecido con el Beetle original sirva como reclamo y el coche se convierta en todo un \u00e9xito de ventas.<\/p>\n","protected":false},"excerpt":{"rendered":"<p>Nacido en 1938, el m\u00edtico Wolkswagen Beetle que se fabric\u00f3 hasta el a\u00f1o 2003 sigue siendo hoy el coche m\u00e1s vendido y durante m\u00e1s tiempo fabricado de toda la historia<\/p>\n","protected":false},"author":1,"featured_media":1485,"comment_status":"closed","ping_status":"open","sticky":false,"template":"","format":"standard","meta":{"footnotes":""},"categories":[8],"tags":[66,22],"class_list":["post-1481","post","type-post","status-publish","format-standard","has-post-thumbnail","hentry","category-lanzamientos","tag-compacto","tag-volkswagen"],"_links":{"self":[{"href":"https:\/\/www.sibuscascoche.com\/noticias\/wp-json\/wp\/v2\/posts\/1481","targetHints":{"allow":["GET"]}}],"collection":[{"href":"https:\/\/www.sibuscascoche.com\/noticias\/wp-json\/wp\/v2\/posts"}],"about":[{"href":"https:\/\/www.sibuscascoche.com\/noticias\/wp-json\/wp\/v2\/types\/post"}],"author":[{"embeddable":true,"href":"https:\/\/www.sibuscascoche.com\/noticias\/wp-json\/wp\/v2\/users\/1"}],"replies":[{"embeddable":true,"href":"https:\/\/www.sibuscascoche.com\/noticias\/wp-json\/wp\/v2\/comments?post=1481"}],"version-history":[{"count":6,"href":"https:\/\/www.sibuscascoche.com\/noticias\/wp-json\/wp\/v2\/posts\/1481\/revisions"}],"predecessor-version":[{"id":1494,"href":"https:\/\/www.sibuscascoche.com\/noticias\/wp-json\/wp\/v2\/posts\/1481\/revisions\/1494"}],"wp:featuredmedia":[{"embeddable":true,"href":"https:\/\/www.sibuscascoche.com\/noticias\/wp-json\/wp\/v2\/media\/1485"}],"wp:attachment":[{"href":"https:\/\/www.sibuscascoche.com\/noticias\/wp-json\/wp\/v2\/media?parent=1481"}],"wp:term":[{"taxonomy":"category","embeddable":true,"href":"https:\/\/www.sibuscascoche.com\/noticias\/wp-json\/wp\/v2\/categories?post=1481"},{"taxonomy":"post_tag","embeddable":true,"href":"https:\/\/www.sibuscascoche.com\/noticias\/wp-json\/wp\/v2\/tags?post=1481"}],"curies":[{"name":"wp","href":"https:\/\/api.w.org\/{rel}","templated":true}]}}