{"id":14768,"date":"2019-08-22T13:42:52","date_gmt":"2019-08-22T11:42:52","guid":{"rendered":"https:\/\/www.sibuscascoche.com\/noticias\/?p=14768"},"modified":"2019-08-22T13:42:52","modified_gmt":"2019-08-22T11:42:52","slug":"volkswagen-id-3-concesionario-galicia","status":"publish","type":"post","link":"https:\/\/www.sibuscascoche.com\/noticias\/2019\/volkswagen-id-3-concesionario-galicia\/","title":{"rendered":"Volkswagen ID.3, pr\u00f3xima puesta de largo en el Sal\u00f3n de Frankfurt"},"content":{"rendered":"<p><\/p>\n<p>El nuevo icono de la marca alemana, un modelo el\u00e9ctrico desarrollado desde cero, <strong>podr\u00e1 ser visto en su versi\u00f3n definitiva en el Sal\u00f3n de Frankfurt, en septiembre.<\/strong> Muy pronto podr\u00e1s reservar el tuyo en tu Concesionario Galicia y las primeras unidades llegar\u00e1n el pr\u00f3ximo verano. Aqu\u00ed te contamos algunos detalles del nuevo modelo.<\/p>\n<p><\/p>\n<p><\/p>\n<h4 class=\"wp-block-heading\">Totalmente el\u00e9ctrico<br \/><\/h4>\n<p><\/p>\n<p><\/p>\n<div class=\"wp-block-image\">\n<figure class=\"alignright\"><img loading=\"lazy\" decoding=\"async\" width=\"300\" height=\"200\" src=\"https:\/\/www.sibuscascoche.com\/noticias\/wp-content\/uploads\/2019\/08\/volkswagen-id3-2019-recarga.jpg\" alt=\"volkswagen id3, volkswagen galicia, concesionario galicia\" class=\"wp-image-14770\"\/><\/figure>\n<\/div>\n<p><\/p>\n<p><\/p>\n<p>Uno de los detalles m\u00e1s caracter\u00edsticos del nuevo VW ID.3 es que <strong>est\u00e1 fabricado con huella de carbono neutra<\/strong>. Esto significa que todas las emisiones de CO2 producidas durante la fabricaci\u00f3n del veh\u00edculo y sus componentes, se equilibran con proyectos clim\u00e1ticos certificados y el uso de energ\u00edas renovables. Es decir, su balance neto de emisiones equivale a cero.<\/p>\n<p><\/p>\n<p><\/p>\n<p>Este modelo <strong>cuenta con una arquitectura espec\u00edfica para los coches el\u00e9ctricos, la plataforma MEB, <\/strong>donde las bater\u00edas est\u00e1n bajo el piso del habit\u00e1culo, y el motor el\u00e9ctrico en la trasera del veh\u00edculo.<\/p>\n<p><\/p>\n<p><\/p>\n<p>Adem\u00e1s, <strong>dispondr\u00e1 de las ayudas a la conducci\u00f3n m\u00e1s novedosas,<\/strong> dependiendo de la versi\u00f3n, y ser\u00e1 el primero en contar con una interfaz de realidad aumentada y proyecci\u00f3n de datos en el parabrisas.<\/p>\n<p><\/p>\n<p><\/p>\n<h4 class=\"wp-block-heading\">Dise\u00f1o deportivo<br \/><\/h4>\n<p><\/p>\n<p><\/p>\n<p><strong>Su est\u00e9tica es en cierta medida similar a la del Golf<\/strong>, con una longitud de 4,3 m, y una disposici\u00f3n de las ruedas, cerca de las esquinas, que le permite un mayor espacio interior. En conjunto adquiere un dise\u00f1o con aires deportivos, juvenil, ligero y moderno, que permite una conducci\u00f3n \u00e1gil y alegre.<\/p>\n<p><\/p>\n<p><\/p>\n<p>La versi\u00f3n de acceso, el modelo ID. 3 1ST, es una serie limitada a 30.000 coches y se caracteriza por diferentes ornamentos y pinturas especiales, adem\u00e1s de ciertos extras como techo acristalado. <strong>Dentro de esta edici\u00f3n se ofertan 4 acabados y 3 niveles de equipamiento.<\/strong><\/p>\n<p><\/p>\n<p><\/p>\n<h4 class=\"wp-block-heading\">Motor y autonom\u00eda<br \/><\/h4>\n<p><\/p>\n<p><\/p>\n<p><strong>El nuevo Volkswagen ID. 3 se ofertar\u00e1 con tres tipos de bater\u00edas, de 45, 58 y 77 kWh, <\/strong>respectivamente. Por su parte,<strong> su autonom\u00eda ser\u00e1 de 330, 420 o 550 km.<\/strong> <\/p>\n<p><\/p>\n<p><\/p>\n<p>La versi\u00f3n de lanzamiento tendr\u00e1 un precio de partida de alrededor de los 40.000 \u20ac y<strong> la marca oferta a sus primeros clientes recargas gratis durante el primer a\u00f1o en puntos determinados. <\/strong>\u00bfA qu\u00e9 esperas para reservar el tuyo en tu Concesionario Galicia? Un veh\u00edculo actual, vers\u00e1til y urbano, que respeta el medio ambiente y va a conquistar al mercado por sus grandes novedades tecnol\u00f3gicas. <\/p>\n<p><\/p>\n","protected":false},"excerpt":{"rendered":"<p>El nuevo icono de la marca alemana, un modelo el\u00e9ctrico desarrollado desde cero, podr\u00e1 ser visto en su versi\u00f3n definitiva en el Sal\u00f3n de Frankfurt, en septiembre. Muy pronto podr\u00e1s<\/p>\n","protected":false},"author":6,"featured_media":14771,"comment_status":"closed","ping_status":"open","sticky":false,"template":"","format":"standard","meta":{"footnotes":""},"categories":[1,8],"tags":[],"class_list":["post-14768","post","type-post","status-publish","format-standard","has-post-thumbnail","hentry","category-actualidad","category-lanzamientos"],"_links":{"self":[{"href":"https:\/\/www.sibuscascoche.com\/noticias\/wp-json\/wp\/v2\/posts\/14768","targetHints":{"allow":["GET"]}}],"collection":[{"href":"https:\/\/www.sibuscascoche.com\/noticias\/wp-json\/wp\/v2\/posts"}],"about":[{"href":"https:\/\/www.sibuscascoche.com\/noticias\/wp-json\/wp\/v2\/types\/post"}],"author":[{"embeddable":true,"href":"https:\/\/www.sibuscascoche.com\/noticias\/wp-json\/wp\/v2\/users\/6"}],"replies":[{"embeddable":true,"href":"https:\/\/www.sibuscascoche.com\/noticias\/wp-json\/wp\/v2\/comments?post=14768"}],"version-history":[{"count":4,"href":"https:\/\/www.sibuscascoche.com\/noticias\/wp-json\/wp\/v2\/posts\/14768\/revisions"}],"predecessor-version":[{"id":14791,"href":"https:\/\/www.sibuscascoche.com\/noticias\/wp-json\/wp\/v2\/posts\/14768\/revisions\/14791"}],"wp:featuredmedia":[{"embeddable":true,"href":"https:\/\/www.sibuscascoche.com\/noticias\/wp-json\/wp\/v2\/media\/14771"}],"wp:attachment":[{"href":"https:\/\/www.sibuscascoche.com\/noticias\/wp-json\/wp\/v2\/media?parent=14768"}],"wp:term":[{"taxonomy":"category","embeddable":true,"href":"https:\/\/www.sibuscascoche.com\/noticias\/wp-json\/wp\/v2\/categories?post=14768"},{"taxonomy":"post_tag","embeddable":true,"href":"https:\/\/www.sibuscascoche.com\/noticias\/wp-json\/wp\/v2\/tags?post=14768"}],"curies":[{"name":"wp","href":"https:\/\/api.w.org\/{rel}","templated":true}]}}