{"id":14754,"date":"2019-08-14T12:28:53","date_gmt":"2019-08-14T10:28:53","guid":{"rendered":"https:\/\/www.sibuscascoche.com\/noticias\/?p=14754"},"modified":"2019-08-14T12:30:52","modified_gmt":"2019-08-14T10:30:52","slug":"bmv-serie-1-2019","status":"publish","type":"post","link":"https:\/\/www.sibuscascoche.com\/noticias\/2019\/bmv-serie-1-2019\/","title":{"rendered":"BMV Serie 1 2019, la tercera generaci\u00f3n m\u00e1s tecnol\u00f3gica"},"content":{"rendered":"<p><\/p>\n<p>La marca alemana ha presentado recientemente la renovaci\u00f3n de su cl\u00e1sico compacto, una generaci\u00f3n con numerosos cambios y las \u00faltimas novedades en tecnolog\u00eda. El modelo que vio la luz en 2004 ha sufrido una gran transformaci\u00f3n y aqu\u00ed analizamos algunos de sus nuevos elementos. Muy pronto estar\u00e1 disponible en <strong>BMV Galicia<\/strong>.<\/p>\n<p><\/p>\n<p><\/p>\n<h4 class=\"wp-block-heading\">Dise\u00f1o m\u00e1s actual<br \/><\/h4>\n<p><\/p>\n<p><\/p>\n<div class=\"wp-block-image\">\n<figure class=\"alignright\"><img loading=\"lazy\" decoding=\"async\" width=\"300\" height=\"200\" src=\"https:\/\/www.sibuscascoche.com\/noticias\/wp-content\/uploads\/2019\/08\/bmv-serie-1-2019-interior.jpg\" alt=\"bmv galicia, bmv serie 1 2019\" class=\"wp-image-14755\"\/><\/figure>\n<\/div>\n<p><\/p>\n<p><\/p>\n<p><strong>El BMV Serie 1 2019 ha reducido su tama\u00f1o en 5 mm de longitud, pero esto le permite un espacio interior mayor. <\/strong>Ahora cuenta con 19 mm m\u00e1s de espacio para la cabeza, 33 mm m\u00e1s para las piernas y 13 mm para la altura de los codos. Su maletero tambi\u00e9n pasa de 360 a 380 litros.<\/p>\n<p><\/p>\n<p><\/p>\n<p><strong>El interior refleja elegancia y tecnolog\u00eda<\/strong>, con cuadro de mandos digital y pantalla de 10,25 pulgadas. Adem\u00e1s, cuenta con otra pantalla complementaria para el sistema multimedia y un Head-Up Display a color.<\/p>\n<p><\/p>\n<p><\/p>\n<p>Aunque se caracteriza por una est\u00e9tica deportiva, los m\u00e1s apasionados pueden completar su autom\u00f3vil con la gama de accesorios M Performance oficiales. Entre ellos destacan los frenos deportivos con discos perforados y ventilados, el splitter delantero, taloneras, difusor trasero o las llantas forjadas de 18 pulgadas.<\/p>\n<p><\/p>\n<p><\/p>\n<h4 class=\"wp-block-heading\">M\u00e1s equipamiento y ayudas a la conducci\u00f3n<br \/><\/h4>\n<p><\/p>\n<p><\/p>\n<p>De serie, el nuevo BMV cuenta con funciones como el <strong>aviso de colisi\u00f3n con detecci\u00f3n de peatones<\/strong>, el asistente de mantenimiento de carril, el control de crucero adaptativo o el asistente de marcha atr\u00e1s. <\/p>\n<p><\/p>\n<p><\/p>\n<h4 class=\"wp-block-heading\">Variedad mec\u00e1nica<br \/><\/h4>\n<p><\/p>\n<p><\/p>\n<p>En gasolina este modelo est\u00e1 disponible el 118i de 140 CV y el potente M135i xDrive con 306 CV. Por su parte, en di\u00e9sel encontramos el 116d de 116 CV, el 118d de 150 CV y el 120d xDrive de 190 CV. Todos los modelos se ofrecen con <strong>sistemas de tracci\u00f3n delantera<\/strong> y total xDrive, as\u00ed como cambios manuales y autom\u00e1ticos de doble embrague y siete velocidades.<\/p>\n<p><\/p>\n<p><\/p>\n<p> \u00bfA qu\u00e9 esperas para reservar el tuyo en BMV Galicia? Un veh\u00edculo compacto, deportivo y elegante con las \u00faltima tecnolog\u00eda, perfecto para los amantes de la conducci\u00f3n.<\/p>\n<p><\/p>\n","protected":false},"excerpt":{"rendered":"<p>La marca alemana ha presentado recientemente la renovaci\u00f3n de su cl\u00e1sico compacto, una generaci\u00f3n con numerosos cambios y las \u00faltimas novedades en tecnolog\u00eda. El modelo que vio la luz en<\/p>\n","protected":false},"author":6,"featured_media":14756,"comment_status":"closed","ping_status":"open","sticky":false,"template":"","format":"standard","meta":{"footnotes":""},"categories":[8],"tags":[1465,1466],"class_list":["post-14754","post","type-post","status-publish","format-standard","has-post-thumbnail","hentry","category-lanzamientos","tag-bmv-galicia","tag-bmv-serie-1-2019"],"_links":{"self":[{"href":"https:\/\/www.sibuscascoche.com\/noticias\/wp-json\/wp\/v2\/posts\/14754","targetHints":{"allow":["GET"]}}],"collection":[{"href":"https:\/\/www.sibuscascoche.com\/noticias\/wp-json\/wp\/v2\/posts"}],"about":[{"href":"https:\/\/www.sibuscascoche.com\/noticias\/wp-json\/wp\/v2\/types\/post"}],"author":[{"embeddable":true,"href":"https:\/\/www.sibuscascoche.com\/noticias\/wp-json\/wp\/v2\/users\/6"}],"replies":[{"embeddable":true,"href":"https:\/\/www.sibuscascoche.com\/noticias\/wp-json\/wp\/v2\/comments?post=14754"}],"version-history":[{"count":3,"href":"https:\/\/www.sibuscascoche.com\/noticias\/wp-json\/wp\/v2\/posts\/14754\/revisions"}],"predecessor-version":[{"id":14785,"href":"https:\/\/www.sibuscascoche.com\/noticias\/wp-json\/wp\/v2\/posts\/14754\/revisions\/14785"}],"wp:featuredmedia":[{"embeddable":true,"href":"https:\/\/www.sibuscascoche.com\/noticias\/wp-json\/wp\/v2\/media\/14756"}],"wp:attachment":[{"href":"https:\/\/www.sibuscascoche.com\/noticias\/wp-json\/wp\/v2\/media?parent=14754"}],"wp:term":[{"taxonomy":"category","embeddable":true,"href":"https:\/\/www.sibuscascoche.com\/noticias\/wp-json\/wp\/v2\/categories?post=14754"},{"taxonomy":"post_tag","embeddable":true,"href":"https:\/\/www.sibuscascoche.com\/noticias\/wp-json\/wp\/v2\/tags?post=14754"}],"curies":[{"name":"wp","href":"https:\/\/api.w.org\/{rel}","templated":true}]}}