{"id":1475,"date":"2014-02-18T18:35:52","date_gmt":"2014-02-18T17:35:52","guid":{"rendered":"https:\/\/www.sibuscascoche.com\/noticias\/?p=1475"},"modified":"2014-02-18T19:06:22","modified_gmt":"2014-02-18T18:06:22","slug":"pequeno-completo-el-segundo-suzuki-celerio","status":"publish","type":"post","link":"https:\/\/www.sibuscascoche.com\/noticias\/2014\/pequeno-completo-el-segundo-suzuki-celerio\/","title":{"rendered":"Peque\u00f1o y completo, as\u00ed es el segundo Suzuki Celerio"},"content":{"rendered":"<p style=\"text-align: justify;\">El Sal\u00f3n del Autom\u00f3vil de Nueva Delhi fue el escenario escogido por Suzuki para la presentaci\u00f3n de su segundo modelo de Celerio, un veh\u00edculo enmarcado en el segmento A y del que conoceremos todos los detalles durante la celebraci\u00f3n del Sal\u00f3n Internacional del Autom\u00f3vil de Ginebra, el pr\u00f3ximo mes de marzo.<\/p>\n<p style=\"text-align: justify;\"><img loading=\"lazy\" decoding=\"async\" class=\"alignright size-full wp-image-1519\" alt=\"Coche ocasi\u00f3n barato \" src=\"https:\/\/www.sibuscascoche.com\/noticias\/wp-content\/uploads\/2014\/02\/SuzukiCelerio_2.jpg\" width=\"300\" height=\"156\" \/>La marca japonesa, experta en coches peque\u00f1os, anuncia la renovaci\u00f3n de su Celerio, si bien es cierto que por el momento no se conocen las modificaciones que el fabricante ha incluido en el habit\u00e1culo. Eso s\u00ed, se espera que estemos ante un modelo con un espacioso interior a pesar de tratarse de un coche del segmento A, y que se perfeccionen la l\u00ednea de los acabados. Otro dato que deben conocer los amantes de este modelo es que se ofertar\u00e1 de manera exclusiva en formato de cinco puertas. En comparaci\u00f3n con su antecesor, adem\u00e1s, es posible que mejora la capacidad del maletero, pudiendo superar los 200 litros. En todo caso, \u00e9ste es un dato que no ha sido confirmado por el fabricante.Desde Suzuki s\u00ed destacaron, sin embargo, que por su bajo consumo y reducidas emisiones de CO2 ser\u00e1 uno de los l\u00edderes en su clase.<\/p>\n<p><img loading=\"lazy\" decoding=\"async\" class=\" wp-image-1521 alignleft\" alt=\"coches segunda mano \" src=\"https:\/\/www.sibuscascoche.com\/noticias\/wp-content\/uploads\/2014\/02\/phoImg06.jpg\" width=\"300\" height=\"156\" srcset=\"https:\/\/www.sibuscascoche.com\/noticias\/wp-content\/uploads\/2014\/02\/phoImg06.jpg 500w, https:\/\/www.sibuscascoche.com\/noticias\/wp-content\/uploads\/2014\/02\/phoImg06-300x156.jpg 300w\" sizes=\"auto, (max-width: 300px) 100vw, 300px\" \/>No es ning\u00fan misterio que, como ya est\u00e1n haciendo otros veh\u00edculos de la misma gama, el conductor podr\u00e1 escoger entre ciertas comodidades opcionales en el equipamiento como son el sistema de arranque por bot\u00f3n, bluetooth integrado o el acceso sin llave. Peque\u00f1os detalles que elevan el confort y aportan distinci\u00f3n a este Suzuki Celerio.<\/p>\n<p style=\"text-align: justify;\">Seg\u00fan las apuestas, todo apunta a que el motor ser\u00e1 de tres cilindros y contar\u00e1 con una potencia de 68 cv. El conductor podr\u00e1 optar entre una caja manual de cinco velocidades o la nueva versi\u00f3n robotizada denominada EZ Drive. En todo caso, el motor definitivo y otras caracter\u00edsticas t\u00e9cnicas son todav\u00eda una inc\u00f3gnita que habr\u00e1 que esperar unos d\u00edas para despejar, pero la marca japonesa ya ha levantado la expectaci\u00f3n del p\u00fablico con la puesta en marcha de su sitio <span style=\"text-decoration: underline;\"><strong><span style=\"color: #333399;\"><a title=\"Web Suzuki | Sibuscacoche.com\" href=\"http:\/\/www.globalsuzuki.com\/geneva2014\/\" target=\"_blank\" rel=\"noopener\"><span style=\"color: #333399; text-decoration: underline;\">web<\/span><\/a><\/span><\/strong><\/span>.<\/p>\n<p style=\"text-align: justify;\">El nuevo Suzuki Celerio, igual que su primera generaci\u00f3n, es un autom\u00f3vil sencillo y proporcionado en sus formas, pensado por encima de todo para el \u00e1mbito urbano, un estilo en el que los japoneses se han convertido en unos aut\u00e9nticos expertos. Se trata de reunir aquellas condiciones para que el conductor, moderno y no excesivamente preocupado por el dise\u00f1o, disfrute de un coche c\u00f3modo y manejable.<\/p>\n","protected":false},"excerpt":{"rendered":"<p>El Sal\u00f3n del Autom\u00f3vil de Nueva Delhi fue el escenario escogido por Suzuki para la presentaci\u00f3n de su segundo modelo de Celerio, un veh\u00edculo enmarcado en el segmento A y<\/p>\n","protected":false},"author":1,"featured_media":1518,"comment_status":"closed","ping_status":"open","sticky":false,"template":"","format":"standard","meta":{"footnotes":""},"categories":[1,8],"tags":[169],"class_list":["post-1475","post","type-post","status-publish","format-standard","has-post-thumbnail","hentry","category-actualidad","category-lanzamientos","tag-salon-automovil-ginebra"],"_links":{"self":[{"href":"https:\/\/www.sibuscascoche.com\/noticias\/wp-json\/wp\/v2\/posts\/1475","targetHints":{"allow":["GET"]}}],"collection":[{"href":"https:\/\/www.sibuscascoche.com\/noticias\/wp-json\/wp\/v2\/posts"}],"about":[{"href":"https:\/\/www.sibuscascoche.com\/noticias\/wp-json\/wp\/v2\/types\/post"}],"author":[{"embeddable":true,"href":"https:\/\/www.sibuscascoche.com\/noticias\/wp-json\/wp\/v2\/users\/1"}],"replies":[{"embeddable":true,"href":"https:\/\/www.sibuscascoche.com\/noticias\/wp-json\/wp\/v2\/comments?post=1475"}],"version-history":[{"count":6,"href":"https:\/\/www.sibuscascoche.com\/noticias\/wp-json\/wp\/v2\/posts\/1475\/revisions"}],"predecessor-version":[{"id":1525,"href":"https:\/\/www.sibuscascoche.com\/noticias\/wp-json\/wp\/v2\/posts\/1475\/revisions\/1525"}],"wp:featuredmedia":[{"embeddable":true,"href":"https:\/\/www.sibuscascoche.com\/noticias\/wp-json\/wp\/v2\/media\/1518"}],"wp:attachment":[{"href":"https:\/\/www.sibuscascoche.com\/noticias\/wp-json\/wp\/v2\/media?parent=1475"}],"wp:term":[{"taxonomy":"category","embeddable":true,"href":"https:\/\/www.sibuscascoche.com\/noticias\/wp-json\/wp\/v2\/categories?post=1475"},{"taxonomy":"post_tag","embeddable":true,"href":"https:\/\/www.sibuscascoche.com\/noticias\/wp-json\/wp\/v2\/tags?post=1475"}],"curies":[{"name":"wp","href":"https:\/\/api.w.org\/{rel}","templated":true}]}}