{"id":14698,"date":"2019-08-05T10:07:17","date_gmt":"2019-08-05T08:07:17","guid":{"rendered":"https:\/\/www.sibuscascoche.com\/noticias\/?p=14698"},"modified":"2019-08-05T10:07:18","modified_gmt":"2019-08-05T08:07:18","slug":"opel-galicia-corsa-electrico","status":"publish","type":"post","link":"https:\/\/www.sibuscascoche.com\/noticias\/2019\/opel-galicia-corsa-electrico\/","title":{"rendered":"Opel Corsa el\u00e9ctrico: claves y caracter\u00edsticas"},"content":{"rendered":"<p><\/p>\n<p>Opel se une al proceso de electrificaci\u00f3n. El objetivo de la marca es que <strong> toda su gama de autom\u00f3viles tenga una versi\u00f3n el\u00e9ctrica a partir de 2024. <\/strong>As\u00ed, el primer modelo en llegar ser\u00e1 el Corsa y las primeras unidades saldr\u00e1n al mercado en la primavera de 2020. Muy pronto podr\u00e1s reservar el tuyo en <strong>Opel Galicia<\/strong>. Aqu\u00ed te contamos algunos de sus detalles.<\/p>\n<p><\/p>\n<p><\/p>\n<h4 class=\"wp-block-heading\">Nuevo dise\u00f1o<br \/><\/h4>\n<p><\/p>\n<p><\/p>\n<div class=\"wp-block-image\">\n<figure class=\"alignright\"><img loading=\"lazy\" decoding=\"async\" width=\"300\" height=\"200\" src=\"https:\/\/www.sibuscascoche.com\/noticias\/wp-content\/uploads\/2019\/07\/opel-corsa-electrico-interior.jpg\" alt=\"oper corsa-e, opel corsa electrico, opel galicia\" class=\"wp-image-14700\"\/><\/figure>\n<\/div>\n<p><\/p>\n<p><\/p>\n<p><strong>El Corsa-e mantiene el largo de 4,06 metros de su predecesor y tiene espacio para cinco ocupantes.<\/strong> Sin embargo, adquiere una nueva silueta cup\u00e9, con una l\u00ednea del techo m\u00e1s baja en la parte trasera. Este detalle le confiere <strong>una est\u00e9tica m\u00e1s din\u00e1mica<\/strong> con  l\u00edneas traseras originales que trasmiten <strong>personalidad y elegancia.<\/strong> En su interior encontramos un acabado Premium deportivo con materiales de alta calidad y detalles sofisticados. <\/p>\n<p><\/p>\n<p><\/p>\n<p>El conductor puede elegir entre tres modos de conducci\u00f3n: Normal, Eco y Sport. El modo Sport aumenta la capacidad de respuesta y la din\u00e1mica de conducci\u00f3n.<\/p>\n<p><\/p>\n<p><\/p>\n<h4 class=\"wp-block-heading\">Gran equipamiento<br \/><\/h4>\n<p><\/p>\n<p><\/p>\n<p>El nuevo modelo de Corsa ofrece tecnolog\u00eda de \u00faltima generaci\u00f3n y los \u00faltimos sistemas de seguridad y asistencia a la conducci\u00f3n. Destaca el <strong>control de crucero inteligente de velocidad<\/strong>, <strong>frenado de emergencia <\/strong>a baja velocidad, sistema de iluminaci\u00f3n adaptativa matricial IntelliLux LED, c\u00e1mara frontal de alta resoluci\u00f3n y <strong>asistente de reconocimiento de se\u00f1ales de tr\u00e1fico<\/strong>, entre otras novedades. Adem\u00e1s, cuenta con el sistema de infoentretenimiento Multimedia Navi, con pantalla t\u00e1ctil de siete pulgadas.<\/p>\n<p><\/p>\n<p><\/p>\n<h4 class=\"wp-block-heading\">100 % el\u00e9ctrico<br \/><\/h4>\n<p><\/p>\n<p><\/p>\n<p>El sistema de propulsi\u00f3n del Opel Corsa desarrolla una potencia de <strong>100 kW (136 CV) y acelera de 0 a 100 km\/h en 8,1 segundos. <\/strong>Tiene una <strong>autonom\u00eda de 330 km <\/strong>y puede cargarse su bater\u00eda hasta en un 80% en solo 30 minutos. Tampoco hay que olvidarse de que <strong>est\u00e1 preparado para todas las opciones de carga: cable, punto de carga en pared o carga de alta velocidad.<\/strong><\/p>\n<p><\/p>\n<p><\/p>\n<p>Un veh\u00edculo deportivo y elegante, respetuoso con el medio ambiente y preparado para la ciudad del futuro. Perfecto para moverte en tu d\u00eda a d\u00eda o para realizar viajes m\u00e1s largos.<\/p>\n<p><\/p>\n","protected":false},"excerpt":{"rendered":"<p>Opel se une al proceso de electrificaci\u00f3n. El objetivo de la marca es que toda su gama de autom\u00f3viles tenga una versi\u00f3n el\u00e9ctrica a partir de 2024. As\u00ed, el primer<\/p>\n","protected":false},"author":6,"featured_media":14701,"comment_status":"closed","ping_status":"open","sticky":false,"template":"","format":"standard","meta":{"footnotes":""},"categories":[1,8],"tags":[244,1460,1385],"class_list":["post-14698","post","type-post","status-publish","format-standard","has-post-thumbnail","hentry","category-actualidad","category-lanzamientos","tag-opel-corsa","tag-opel-corsa-electrico","tag-opel-galicia"],"_links":{"self":[{"href":"https:\/\/www.sibuscascoche.com\/noticias\/wp-json\/wp\/v2\/posts\/14698","targetHints":{"allow":["GET"]}}],"collection":[{"href":"https:\/\/www.sibuscascoche.com\/noticias\/wp-json\/wp\/v2\/posts"}],"about":[{"href":"https:\/\/www.sibuscascoche.com\/noticias\/wp-json\/wp\/v2\/types\/post"}],"author":[{"embeddable":true,"href":"https:\/\/www.sibuscascoche.com\/noticias\/wp-json\/wp\/v2\/users\/6"}],"replies":[{"embeddable":true,"href":"https:\/\/www.sibuscascoche.com\/noticias\/wp-json\/wp\/v2\/comments?post=14698"}],"version-history":[{"count":8,"href":"https:\/\/www.sibuscascoche.com\/noticias\/wp-json\/wp\/v2\/posts\/14698\/revisions"}],"predecessor-version":[{"id":14743,"href":"https:\/\/www.sibuscascoche.com\/noticias\/wp-json\/wp\/v2\/posts\/14698\/revisions\/14743"}],"wp:featuredmedia":[{"embeddable":true,"href":"https:\/\/www.sibuscascoche.com\/noticias\/wp-json\/wp\/v2\/media\/14701"}],"wp:attachment":[{"href":"https:\/\/www.sibuscascoche.com\/noticias\/wp-json\/wp\/v2\/media?parent=14698"}],"wp:term":[{"taxonomy":"category","embeddable":true,"href":"https:\/\/www.sibuscascoche.com\/noticias\/wp-json\/wp\/v2\/categories?post=14698"},{"taxonomy":"post_tag","embeddable":true,"href":"https:\/\/www.sibuscascoche.com\/noticias\/wp-json\/wp\/v2\/tags?post=14698"}],"curies":[{"name":"wp","href":"https:\/\/api.w.org\/{rel}","templated":true}]}}