{"id":14659,"date":"2019-07-27T10:45:37","date_gmt":"2019-07-27T08:45:37","guid":{"rendered":"https:\/\/www.sibuscascoche.com\/noticias\/?p=14659"},"modified":"2019-07-27T10:45:39","modified_gmt":"2019-07-27T08:45:39","slug":"skoda-scala-concesionario-galicia-2","status":"publish","type":"post","link":"https:\/\/www.sibuscascoche.com\/noticias\/2019\/skoda-scala-concesionario-galicia-2\/","title":{"rendered":"Nuevo Skoda Scala, sorpr\u00e9ndete con sus medidas"},"content":{"rendered":"<p><\/p>\n<p>El nuevo modelo sustituye al Spaceback y se convierte en uno de los coches m\u00e1s amplios de su sector. Pero, adem\u00e1s de gran tama\u00f1o, el Skoda Scala se presenta como uno de los veh\u00edculos m\u00e1s vers\u00e1tiles del mercado, que destaca por su \u00faltima tecnolog\u00eda y los m\u00e1s modernos sistemas de ayuda a la conducci\u00f3n. Aqu\u00ed te contamos algunos detalles y sus medidas. Muy pronto podr\u00e1s encontrarlo en <strong>Skoda Galicia<\/strong>.<\/p>\n<p><\/p>\n<p><\/p>\n<h4 class=\"wp-block-heading\">Mayores proporciones<br \/><\/h4>\n<p><\/p>\n<p><\/p>\n<p><strong>El nuevo modelo de la marca checa mide 4.362 mm de largo,<\/strong> mientras que el Skoda Spaceback med\u00eda 4.304 mm. Tambi\u00e9n gana m\u00e1s de 87 mm a lo ancho, con 1.793 mm. Por otro lado, es m\u00e1s alto que su predecesor, con 1.471 mm. En cuanto a la distancia entre ejes, <strong>aumenta el espacio entre las plazas traseras con 2.649 mm.<\/strong> El Skoda tambi\u00e9n se convierte en uno de los compactos con <strong>mayor capacidad de maletero<\/strong>, con 467 litros y hasta los 1.410 con los asientos abatidos.<\/p>\n<p><\/p>\n<p><\/p>\n<h4 class=\"wp-block-heading\">Gran equipamiento y tecnolog\u00eda<br \/><\/h4>\n<p><\/p>\n<p><\/p>\n<div class=\"wp-block-image\">\n<figure class=\"alignright\"><img loading=\"lazy\" decoding=\"async\" width=\"300\" height=\"200\" src=\"https:\/\/www.sibuscascoche.com\/noticias\/wp-content\/uploads\/2019\/07\/skoda-scala-interior.jpg\" alt=\"skoda scala, skoda, skoda galicia\" class=\"wp-image-14661\"\/><\/figure>\n<\/div>\n<p><\/p>\n<p><\/p>\n<p><strong>En su interior se respira calidad y elegancia,<\/strong> con acabados en materiales de lujo y un salpicadero renovado con tecnolog\u00eda de \u00faltima generaci\u00f3n. Su techo panor\u00e1mico hace que entre mucha luz, lo que genera sensaci\u00f3n de libertad y desahogo. El espacio interior est\u00e1 muy bien aprovechado y lo convierte en un veh\u00edculo muy confortable. Incluye adem\u00e1s numerosos asistentes a la conducci\u00f3n, que lo convierten en un coche muy seguro, y<strong> sistemas de \u00faltima generaci\u00f3n en cuanto a la conectividad y el infoentretenimiento.<\/strong><\/p>\n<p><\/p>\n<p><\/p>\n<h4 class=\"wp-block-heading\">Cinco alternativas mec\u00e1nicas<br \/><\/h4>\n<p><\/p>\n<p><\/p>\n<p><strong>Tres motores de gasolina, tres di\u00e9sel y uno de gas natural que se incluir\u00e1 m\u00e1s tarde. <\/strong>En total cinco motores diferentes que cumplen la normativa de emisiones Euro 6d-TEMP y que cuentan con inyecci\u00f3n directa, turbocompresor, tecnolog\u00eda Stop\/Start y recuperaci\u00f3n de la energ\u00eda de frenada. En lo referente a los motores de gasolina, la oferta empieza con el Skoda Scala 1.0 TSI de 95 CV, que cuenta con una caja de cambios manual de cinco velocidades. Como tope de gama est\u00e1 el Skoda Scala 1.5 TSI, que desarrolla una potencia de 150 CV. De serie viene con una caja manual de seis velocidades. En cuanto al di\u00e9sel, representado por el Skoda Scala 1.6 TDI, es un cuatro cilindros que produce 115 CV de potencia y 250 Nm de par, un bloque que incorpora de serie un catalizador SCR con inyecci\u00f3n AdBlue y un filtro de part\u00edculas.<\/p>\n<p><\/p>\n<p><\/p>\n<p><strong>Un compacto amplio, seguro y elegante, perfecto para moverte por ciudad <\/strong>con toda la familia a bordo. Ya puedes reservar el tuyo en Skoda Galicia.<\/p>\n<p><\/p>\n","protected":false},"excerpt":{"rendered":"<p>El nuevo modelo sustituye al Spaceback y se convierte en uno de los coches m\u00e1s amplios de su sector. Pero, adem\u00e1s de gran tama\u00f1o, el Skoda Scala se presenta como<\/p>\n","protected":false},"author":6,"featured_media":14662,"comment_status":"closed","ping_status":"open","sticky":false,"template":"","format":"standard","meta":{"footnotes":""},"categories":[1],"tags":[1289,1346,1406],"class_list":["post-14659","post","type-post","status-publish","format-standard","has-post-thumbnail","hentry","category-actualidad","tag-concesionario-galicia","tag-skoda-galicia","tag-skoda-scala"],"_links":{"self":[{"href":"https:\/\/www.sibuscascoche.com\/noticias\/wp-json\/wp\/v2\/posts\/14659","targetHints":{"allow":["GET"]}}],"collection":[{"href":"https:\/\/www.sibuscascoche.com\/noticias\/wp-json\/wp\/v2\/posts"}],"about":[{"href":"https:\/\/www.sibuscascoche.com\/noticias\/wp-json\/wp\/v2\/types\/post"}],"author":[{"embeddable":true,"href":"https:\/\/www.sibuscascoche.com\/noticias\/wp-json\/wp\/v2\/users\/6"}],"replies":[{"embeddable":true,"href":"https:\/\/www.sibuscascoche.com\/noticias\/wp-json\/wp\/v2\/comments?post=14659"}],"version-history":[{"count":6,"href":"https:\/\/www.sibuscascoche.com\/noticias\/wp-json\/wp\/v2\/posts\/14659\/revisions"}],"predecessor-version":[{"id":14715,"href":"https:\/\/www.sibuscascoche.com\/noticias\/wp-json\/wp\/v2\/posts\/14659\/revisions\/14715"}],"wp:featuredmedia":[{"embeddable":true,"href":"https:\/\/www.sibuscascoche.com\/noticias\/wp-json\/wp\/v2\/media\/14662"}],"wp:attachment":[{"href":"https:\/\/www.sibuscascoche.com\/noticias\/wp-json\/wp\/v2\/media?parent=14659"}],"wp:term":[{"taxonomy":"category","embeddable":true,"href":"https:\/\/www.sibuscascoche.com\/noticias\/wp-json\/wp\/v2\/categories?post=14659"},{"taxonomy":"post_tag","embeddable":true,"href":"https:\/\/www.sibuscascoche.com\/noticias\/wp-json\/wp\/v2\/tags?post=14659"}],"curies":[{"name":"wp","href":"https:\/\/api.w.org\/{rel}","templated":true}]}}