{"id":1460,"date":"2014-02-14T16:45:19","date_gmt":"2014-02-14T15:45:19","guid":{"rendered":"https:\/\/www.sibuscascoche.com\/noticias\/?p=1460"},"modified":"2014-02-14T16:50:09","modified_gmt":"2014-02-14T15:50:09","slug":"mini-la-saga-continua","status":"publish","type":"post","link":"https:\/\/www.sibuscascoche.com\/noticias\/2014\/mini-la-saga-continua\/","title":{"rendered":"MINI, la saga contin\u00faa"},"content":{"rendered":"<p style=\"text-align: justify;\">Los amantes de la familia MINI est\u00e1n de enhorabuena con el lanzamiento al mercado de una nueva versi\u00f3n de este modelo, considerado el m\u00e1s original del segmento de los coches peque\u00f1os. Y es que esta nueva versi\u00f3n de MINI incorpora sorprendentes mejoras con respecto a su predecesor, pero siendo fiel a la esencia de siempre. As\u00ed, sus l\u00edneas est\u00e9ticas contin\u00faan caracteriz\u00e1ndose por unas formas genu\u00ednas e inconfundibles, pero a ello se a\u00f1aden significativos avances en sofisticaci\u00f3n y refinamiento que, por encima de todo, persiguen un dise\u00f1o emocional y una m\u00e1xima personalizaci\u00f3n que permite al conductor tener un veh\u00edculo exclusivo al servicio de sus necesidades.<\/p>\n<p style=\"text-align: justify;\"><img loading=\"lazy\" decoding=\"async\" class=\"alignright size-medium wp-image-1464\" alt=\"Mini Cooper ocasi\u00f3n \" src=\"https:\/\/www.sibuscascoche.com\/noticias\/wp-content\/uploads\/2014\/02\/nuevo-mini-300x200.jpg\" width=\"300\" height=\"200\" srcset=\"https:\/\/www.sibuscascoche.com\/noticias\/wp-content\/uploads\/2014\/02\/nuevo-mini-300x200.jpg 300w, https:\/\/www.sibuscascoche.com\/noticias\/wp-content\/uploads\/2014\/02\/nuevo-mini.jpg 449w\" sizes=\"auto, (max-width: 300px) 100vw, 300px\" \/>Funcionalidad, conectividad e innovaci\u00f3n se fusionan en este nuevo miembro de la saga MINI. Algunos de sus elementos habituales se reinterpretan y dan un paso m\u00e1s en sus acabados como, por ejemplo, la parrilla hexagonal, los faros y pilotos posteriores con anchos marcos cromados y las molduras de los intermitentes laterales. Adem\u00e1s, la marca incorpora a su cat\u00e1logo crom\u00e1tico cinco nuevos colores exteriores y, como no pod\u00eda ser de otra forma, mantiene la opci\u00f3n del inconfundible techo de color contrastante.<\/p>\n<p style=\"text-align: justify;\">Los faros de este nuevo cl\u00e1sico presentan un dise\u00f1o evolucionado y luz de conducci\u00f3n diurna, adem\u00e1s de a\u00f1adir, como equipamiento opcional, faros de LED con anillo luminoso, intermitentes integrados y autoadaptables, pilotos traseros con tecnolog\u00eda LED y un llamativo paquete de iluminaci\u00f3n LED para el habit\u00e1culo interior, con luz ambiental de color naranja.<\/p>\n<p><img loading=\"lazy\" decoding=\"async\" class=\"size-medium wp-image-1465 alignleft\" style=\"text-align: justify;\" alt=\"Mini Cooper barato Vigo\" src=\"https:\/\/www.sibuscascoche.com\/noticias\/wp-content\/uploads\/2014\/02\/nuevo-mini_2-300x207.jpg\" width=\"300\" height=\"207\" srcset=\"https:\/\/www.sibuscascoche.com\/noticias\/wp-content\/uploads\/2014\/02\/nuevo-mini_2-300x207.jpg 300w, https:\/\/www.sibuscascoche.com\/noticias\/wp-content\/uploads\/2014\/02\/nuevo-mini_2.jpg 476w\" sizes=\"auto, (max-width: 300px) 100vw, 300px\" \/><\/p>\n<p style=\"text-align: justify;\">Las dimensiones de esta nueva generaci\u00f3n de MINI difieren discretamente de la versi\u00f3n anterior y ganan un poco m\u00e1s de espacio a bordo: 98 mil\u00edmetros m\u00e1s de longitud, 44 mil\u00edmetros m\u00e1s de ancho y 7 de alto, y un aumento de 28 mil\u00edmetros de distancia entre ejes. En pro de la comodidad del conductor y el confort sus acompa\u00f1antes, los asientos presentan un novedosa estructura: mayor margen de regulaci\u00f3n, banquetas m\u00e1s profundas en los asientos posteriores, mayor espacio a la altura de los hombros y en la zona de los pies, y, lo que es m\u00e1s importante, un acceso m\u00e1s sencillo a los asientos traseros. Tambi\u00e9n destaca el volumen del maletero, con capacidad para 211 litros, lo que supone 51 litros m\u00e1s que el modelo anterior, y la incorporaci\u00f3n de la nueva generaci\u00f3n de motores con tecnolog\u00eda MINI TwinPower Turbo.<\/p>\n<p style=\"text-align: justify;\">Su lanzamiento en el mercado espa\u00f1ol est\u00e1 previsto para la pr\u00f3xima primavera y estar\u00e1 protagonizado con tres variantes: MINI Cooper con motor gasolina de tres cilindros de 136 cv, MINI Cooper S con motor gasolina de cuatro cilindros de 192 cv y MINI Cooper D con motor di\u00e9sel de tres cilindros de 116 cv. Todos ellos incluyen de serie una caja de cambios manual de seis marchas y, opcionalmente, estar\u00e1 disponible la caja autom\u00e1tica de seis marchas o la caja autom\u00e1tica deportiva. Por otro lado, destaca un gran abanico de sistemas de asistencia al conductor, como el aviso de acercamiento peligroso a otro coche, la advertencia de presencia de personas o el asistente de aparcamiento.<\/p>\n<p style=\"text-align: justify;\">Prestaciones de serie m\u00e1s completas y un amplio equipamiento opcional, as\u00ed es este peque\u00f1o gran autom\u00f3vil pensado para un conductor que valora la exclusividad en el dise\u00f1o y la comodidad en la conducci\u00f3n.<\/p>\n<p>&nbsp;<\/p>\n","protected":false},"excerpt":{"rendered":"<p>Los amantes de la familia MINI est\u00e1n de enhorabuena con el lanzamiento al mercado de una nueva versi\u00f3n de este modelo, considerado el m\u00e1s original del segmento de los coches<\/p>\n","protected":false},"author":1,"featured_media":1463,"comment_status":"closed","ping_status":"open","sticky":false,"template":"","format":"standard","meta":{"footnotes":""},"categories":[1,8],"tags":[168],"class_list":["post-1460","post","type-post","status-publish","format-standard","has-post-thumbnail","hentry","category-actualidad","category-lanzamientos","tag-mini"],"_links":{"self":[{"href":"https:\/\/www.sibuscascoche.com\/noticias\/wp-json\/wp\/v2\/posts\/1460","targetHints":{"allow":["GET"]}}],"collection":[{"href":"https:\/\/www.sibuscascoche.com\/noticias\/wp-json\/wp\/v2\/posts"}],"about":[{"href":"https:\/\/www.sibuscascoche.com\/noticias\/wp-json\/wp\/v2\/types\/post"}],"author":[{"embeddable":true,"href":"https:\/\/www.sibuscascoche.com\/noticias\/wp-json\/wp\/v2\/users\/1"}],"replies":[{"embeddable":true,"href":"https:\/\/www.sibuscascoche.com\/noticias\/wp-json\/wp\/v2\/comments?post=1460"}],"version-history":[{"count":5,"href":"https:\/\/www.sibuscascoche.com\/noticias\/wp-json\/wp\/v2\/posts\/1460\/revisions"}],"predecessor-version":[{"id":1468,"href":"https:\/\/www.sibuscascoche.com\/noticias\/wp-json\/wp\/v2\/posts\/1460\/revisions\/1468"}],"wp:featuredmedia":[{"embeddable":true,"href":"https:\/\/www.sibuscascoche.com\/noticias\/wp-json\/wp\/v2\/media\/1463"}],"wp:attachment":[{"href":"https:\/\/www.sibuscascoche.com\/noticias\/wp-json\/wp\/v2\/media?parent=1460"}],"wp:term":[{"taxonomy":"category","embeddable":true,"href":"https:\/\/www.sibuscascoche.com\/noticias\/wp-json\/wp\/v2\/categories?post=1460"},{"taxonomy":"post_tag","embeddable":true,"href":"https:\/\/www.sibuscascoche.com\/noticias\/wp-json\/wp\/v2\/tags?post=1460"}],"curies":[{"name":"wp","href":"https:\/\/api.w.org\/{rel}","templated":true}]}}