{"id":14598,"date":"2019-10-14T09:48:55","date_gmt":"2019-10-14T07:48:55","guid":{"rendered":"https:\/\/www.sibuscascoche.com\/noticias\/?p=14598"},"modified":"2019-10-14T09:48:56","modified_gmt":"2019-10-14T07:48:56","slug":"peugeot-208-galicia","status":"publish","type":"post","link":"https:\/\/www.sibuscascoche.com\/noticias\/2019\/peugeot-208-galicia\/","title":{"rendered":"La generaci\u00f3n m\u00e1s deportiva del Peugeot 208"},"content":{"rendered":"<p><\/p>\n<p>El urbano franc\u00e9s se renueva, ganando amplitud y con un dise\u00f1o m\u00e1s deportivo. Ya ha sido presentado oficialmente en Espa\u00f1a y los pedidos se  abrir\u00e1n en julio. Ya puedes hacer tu reserva en <strong>Peugeot Galicia<\/strong> y en noviembre recibir tu nuevo veh\u00edculo. Aqu\u00ed te contamos algunos de sus detalles.<\/p>\n<p><\/p>\n<p><\/p>\n<h4 class=\"wp-block-heading\">Una segunda generaci\u00f3n m\u00e1s amplia<br \/><\/h4>\n<p><\/p>\n<p><\/p>\n<p>El nuevo Peugeot 208 gana tama\u00f1o y espacio interior, es ocho cent\u00edmetros m\u00e1s largo que su predecesor, un cent\u00edmetro m\u00e1s ancho y cuatro m\u00e1s bajo. El coche perfecto para moverte en familia por ciudad sin renunciar al dise\u00f1o y a la deportividad. Este nuevo modelo utiliza la plataforma CMP de PSA, una arquitectura moderna, ligera y que est\u00e1 preparada para ser usada con mec\u00e1nicas 100%  electrificadas.<\/p>\n<p><\/p>\n<p><\/p>\n<h4 class=\"wp-block-heading\">Numerosos cambios est\u00e9ticos<br \/><\/h4>\n<p><\/p>\n<p><\/p>\n<div class=\"wp-block-image\">\n<figure class=\"alignright\"><img loading=\"lazy\" decoding=\"async\" width=\"300\" height=\"200\" src=\"https:\/\/www.sibuscascoche.com\/noticias\/wp-content\/uploads\/2019\/06\/peugeot-208-2019-interior-concesionario-galicia.jpg\" alt=\"peugeot 208, peugeot galicia\" class=\"wp-image-14601\"\/><\/figure>\n<\/div>\n<p><\/p>\n<p><\/p>\n<p>Esta nueva generaci\u00f3n ofrece un dise\u00f1o renovado. En su exterior el elemento m\u00e1s caracter\u00edstico es la imponente calandra, herencia de los modelos m\u00e1s grandes de la marca. Tampoco deja indiferente a nadie los faros delanteros, que simulan los dientes de un tibur\u00f3n. <\/p>\n<p><\/p>\n<p><\/p>\n<p>En su interior apreciamos rasgos que est\u00e1n claramente inspirados en la berlina 508. El urbano franc\u00e9s estar\u00e1 disponible en cinco niveles diferentes de acabado.<\/p>\n<p><\/p>\n<p><\/p>\n<h4 class=\"wp-block-heading\">Tecnolog\u00eda m\u00e1s avanzada<br \/><\/h4>\n<p><\/p>\n<p><\/p>\n<p>A nivel tecnol\u00f3gico incluye elementos de \u00faltima generaci\u00f3n como la evoluci\u00f3n de la instrumentaci\u00f3n digital i-cockpit con visualizaci\u00f3n en 3D, faros LED con luces para circulaci\u00f3n diurna y numerosos sistemas de ayuda a la conducci\u00f3n. <\/p>\n<p><\/p>\n<p><\/p>\n<h4 class=\"wp-block-heading\">Gama mec\u00e1nica<br \/><\/h4>\n<p><\/p>\n<p><\/p>\n<p>El Peugeot 208 estar\u00e1 disponible con motor gasolina 1.2 Pure-Tech de tres cilindros, di\u00e9sel 1.5 BlueHDi y el\u00e9ctrico. Este \u00faltimo empezar\u00e1 a entregarse a partir de 2020 y cuenta con una bater\u00eda de 100 kW, pudiendo recorrer hasta 340 kil\u00f3metros. Esta versi\u00f3n el\u00e9ctrica ser\u00e1 la m\u00e1s potente de la gama, su motor consigue lo equivalente a 136 CV.<\/p>\n<p><\/p>\n<p><\/p>\n<p>Un veh\u00edculo deportivo, urbano y perfecto para moverte por ciudad con toda la familia a bordo. Ya puedes reservar el tuyo en Peugeot Galicia y disfrutarlo a partir de noviembre. \u00bfA qu\u00e9 est\u00e1s esperando?<\/p>\n<p><\/p>\n","protected":false},"excerpt":{"rendered":"<p>El urbano franc\u00e9s se renueva, ganando amplitud y con un dise\u00f1o m\u00e1s deportivo. Ya ha sido presentado oficialmente en Espa\u00f1a y los pedidos se abrir\u00e1n en julio. Ya puedes hacer<\/p>\n","protected":false},"author":6,"featured_media":14600,"comment_status":"closed","ping_status":"open","sticky":false,"template":"","format":"standard","meta":{"footnotes":""},"categories":[1,8],"tags":[1451,1395],"class_list":["post-14598","post","type-post","status-publish","format-standard","has-post-thumbnail","hentry","category-actualidad","category-lanzamientos","tag-peugeot-208-2019","tag-peugeot-galicia"],"_links":{"self":[{"href":"https:\/\/www.sibuscascoche.com\/noticias\/wp-json\/wp\/v2\/posts\/14598","targetHints":{"allow":["GET"]}}],"collection":[{"href":"https:\/\/www.sibuscascoche.com\/noticias\/wp-json\/wp\/v2\/posts"}],"about":[{"href":"https:\/\/www.sibuscascoche.com\/noticias\/wp-json\/wp\/v2\/types\/post"}],"author":[{"embeddable":true,"href":"https:\/\/www.sibuscascoche.com\/noticias\/wp-json\/wp\/v2\/users\/6"}],"replies":[{"embeddable":true,"href":"https:\/\/www.sibuscascoche.com\/noticias\/wp-json\/wp\/v2\/comments?post=14598"}],"version-history":[{"count":3,"href":"https:\/\/www.sibuscascoche.com\/noticias\/wp-json\/wp\/v2\/posts\/14598\/revisions"}],"predecessor-version":[{"id":14998,"href":"https:\/\/www.sibuscascoche.com\/noticias\/wp-json\/wp\/v2\/posts\/14598\/revisions\/14998"}],"wp:featuredmedia":[{"embeddable":true,"href":"https:\/\/www.sibuscascoche.com\/noticias\/wp-json\/wp\/v2\/media\/14600"}],"wp:attachment":[{"href":"https:\/\/www.sibuscascoche.com\/noticias\/wp-json\/wp\/v2\/media?parent=14598"}],"wp:term":[{"taxonomy":"category","embeddable":true,"href":"https:\/\/www.sibuscascoche.com\/noticias\/wp-json\/wp\/v2\/categories?post=14598"},{"taxonomy":"post_tag","embeddable":true,"href":"https:\/\/www.sibuscascoche.com\/noticias\/wp-json\/wp\/v2\/tags?post=14598"}],"curies":[{"name":"wp","href":"https:\/\/api.w.org\/{rel}","templated":true}]}}