{"id":14494,"date":"2019-06-12T16:51:28","date_gmt":"2019-06-12T14:51:28","guid":{"rendered":"https:\/\/www.sibuscascoche.com\/noticias\/?p=14494"},"modified":"2019-06-10T10:56:16","modified_gmt":"2019-06-10T08:56:16","slug":"nuevo-porsche-taycan-primeras-imagenes-de-su-interior","status":"publish","type":"post","link":"https:\/\/www.sibuscascoche.com\/noticias\/2019\/nuevo-porsche-taycan-primeras-imagenes-de-su-interior\/","title":{"rendered":"Nuevo Porsche Taycan, primeras im\u00e1genes de su interior"},"content":{"rendered":"<p><\/p>\n<p style=\"text-align:left\">\n<p style=\"text-align:justify\">Poco se ha revelado del nuevo modelo del que solo pudimos ver el prototipo en el Sal\u00f3n del Autom\u00f3vil de Ginebra 2018. Un foro especializado saca a la luz algunas fotos de su interior. Aqu\u00ed te contamos los detalles y esperemos que muy pronto puedas reservar el tuyo en <strong>Porsche Galicia<\/strong>. <\/p>\n<\/p>\n<p><\/p>\n<p><\/p>\n<h4 class=\"wp-block-heading\">Similitudes con el Porsche Mission E Cross Turismo concept<br \/><\/h4>\n<p><\/p>\n<p><\/p>\n<p style=\"text-align:left\">\n<p style=\"text-align:justify\">Tras varios meses sin revelar ning\u00fan detalle, por fin podemos ver un avance del interior del nuevo Porsche, el primer sed\u00e1n el\u00e9ctrico de la marca alemana. Las im\u00e1genes del habit\u00e1culo han aparecido en un foro especializado y muestran algunos detalles del salpicadero y el tablero de mandos. Estos elementos son muy similares a su predecesor, el Porsche Mission E Cross Turismo concept, la variante familiar el\u00e9ctrica.<\/p>\n<\/p>\n<p><\/p>\n<p style=\"text-align: justify;\"><img loading=\"lazy\" decoding=\"async\" class=\"alignright wp-image-14497 size-medium\" src=\"https:\/\/www.sibuscascoche.com\/noticias\/wp-content\/uploads\/2019\/06\/porsche-taycan-300x200.jpg\" alt=\"Porsche Taycan, concesionario Galicia\" width=\"300\" height=\"200\" \/>El tablero de mandos tiene similitudes con el Porsche 911 y la nueva generaci\u00f3n 992, ya que lo conforman varias esferas y divide entre ellas la informaci\u00f3n. El volante tambi\u00e9n se parece al del concept y pasa lo mismo con el bot\u00f3n de arranque, que est\u00e1 situado a la izquierda.<\/p>\n<p><\/p>\n<p style=\"text-align:left\">\n<p style=\"text-align:justify\">Por su parte, el salpicadero, tambi\u00e9n muy similar al modelo anterior, est\u00e1 formado por una consola central que se funde con la zona baja del salpicadero y una gran franja horizontal que lo recorre de un lado a otro. En el interior de esta franja se encuentra la pantalla digital y todos los dem\u00e1s elementos, como las salidas del sistema de ventilaci\u00f3n. <\/p>\n<\/p>\n<p><\/p>\n<p><\/p>\n<p style=\"text-align:left\">\n<p style=\"text-align:justify\">En el centro del salpicadero est\u00e1 la pantalla que mencion\u00e1bamos anteriormente, horizontal y de gran tama\u00f1o. A la derecha de la misma se encuentra una abertura horizontal para la salida del aire. <\/p>\n<\/p>\n<p><\/p>\n<p><\/p>\n<p style=\"text-align:left\">\n<p style=\"text-align:justify\">Aunque no podemos confirmar con exactitud estas similitudes del nuevo Porsche con la versi\u00f3n concept, ya que no han trascendido m\u00e1s detalles, el parecido es indudable.<\/p>\n<\/p>\n<p><\/p>\n<p><\/p>\n<p style=\"text-align:left\">\n<p style=\"text-align:justify\">Tendremos que seguir esperando para conocer m\u00e1s detalles de este veh\u00edculo que promete no dejar indiferente a los amantes del volante. Muy pronto estar\u00e1 disponible en tu Concesionario Galicia.<\/p>\n<\/p>\n<p><\/p>\n","protected":false},"excerpt":{"rendered":"<p>Poco se ha revelado del nuevo modelo del que solo pudimos ver el prototipo en el Sal\u00f3n del Autom\u00f3vil de Ginebra 2018. Un foro especializado saca a la luz algunas<\/p>\n","protected":false},"author":6,"featured_media":14498,"comment_status":"closed","ping_status":"open","sticky":false,"template":"","format":"standard","meta":{"footnotes":""},"categories":[1,8],"tags":[1289,1374,1439],"class_list":["post-14494","post","type-post","status-publish","format-standard","has-post-thumbnail","hentry","category-actualidad","category-lanzamientos","tag-concesionario-galicia","tag-porsche-galicia","tag-porsche-taycan"],"_links":{"self":[{"href":"https:\/\/www.sibuscascoche.com\/noticias\/wp-json\/wp\/v2\/posts\/14494","targetHints":{"allow":["GET"]}}],"collection":[{"href":"https:\/\/www.sibuscascoche.com\/noticias\/wp-json\/wp\/v2\/posts"}],"about":[{"href":"https:\/\/www.sibuscascoche.com\/noticias\/wp-json\/wp\/v2\/types\/post"}],"author":[{"embeddable":true,"href":"https:\/\/www.sibuscascoche.com\/noticias\/wp-json\/wp\/v2\/users\/6"}],"replies":[{"embeddable":true,"href":"https:\/\/www.sibuscascoche.com\/noticias\/wp-json\/wp\/v2\/comments?post=14494"}],"version-history":[{"count":4,"href":"https:\/\/www.sibuscascoche.com\/noticias\/wp-json\/wp\/v2\/posts\/14494\/revisions"}],"predecessor-version":[{"id":14520,"href":"https:\/\/www.sibuscascoche.com\/noticias\/wp-json\/wp\/v2\/posts\/14494\/revisions\/14520"}],"wp:featuredmedia":[{"embeddable":true,"href":"https:\/\/www.sibuscascoche.com\/noticias\/wp-json\/wp\/v2\/media\/14498"}],"wp:attachment":[{"href":"https:\/\/www.sibuscascoche.com\/noticias\/wp-json\/wp\/v2\/media?parent=14494"}],"wp:term":[{"taxonomy":"category","embeddable":true,"href":"https:\/\/www.sibuscascoche.com\/noticias\/wp-json\/wp\/v2\/categories?post=14494"},{"taxonomy":"post_tag","embeddable":true,"href":"https:\/\/www.sibuscascoche.com\/noticias\/wp-json\/wp\/v2\/tags?post=14494"}],"curies":[{"name":"wp","href":"https:\/\/api.w.org\/{rel}","templated":true}]}}