{"id":1448,"date":"2014-02-17T10:59:09","date_gmt":"2014-02-17T09:59:09","guid":{"rendered":"https:\/\/www.sibuscascoche.com\/noticias\/?p=1448"},"modified":"2014-03-06T11:21:25","modified_gmt":"2014-03-06T10:21:25","slug":"rally-portugal-prueba-campeonato-mundo-rally-wrc","status":"publish","type":"post","link":"https:\/\/www.sibuscascoche.com\/noticias\/2014\/rally-portugal-prueba-campeonato-mundo-rally-wrc\/","title":{"rendered":"Rally de Portugal, una de las pruebas m\u00e1s dif\u00edciles del WRC"},"content":{"rendered":"<p style=\"text-align: justify;\">El WRC vuelve a Portugal, un a\u00f1o m\u00e1s, la salida ser\u00e1 desde Lisboa, donde multitud de aficionados se dar\u00e1n cita para disfrutar una de las pruebas m\u00e1s dif\u00edciles t\u00e9cnicamente de tierra. Nombrado \u201cMejor Rally del Mundo\u201d en cinco ocasiones, esta prueba de pistas r\u00e1pidas, cambios de rasante ciegos y zonas muy estrechas pondr\u00e1 realmente dif\u00edcil a los pilotos encontrar un buen ritmo.<\/p>\n<p style=\"text-align: justify;\">Las notas precisas ser\u00e1n esenciales debido a la cantidad de saltos que ocultan curvas cerradas, los \u00e1rboles y piedras rodean las pistas, favoreciendo los pinchazos y la superficie de arcilla, tan resbaladiza mojada, se vuelve muy exigente para los neum\u00e1ticos cuando est\u00e1 seca.<\/p>\n<p style=\"text-align: justify;\"><img loading=\"lazy\" decoding=\"async\" class=\"alignright size-full wp-image-1528\" alt=\"rally portugal, coche km0\" src=\"https:\/\/www.sibuscascoche.com\/noticias\/wp-content\/uploads\/2014\/02\/rally-portugal-wrc.jpg\" width=\"300\" height=\"169\" \/>El itinerario comienza con la salida de Lisboa y despu\u00e9s los equipos viajar\u00e1n al Sur, al Algarve, donde tienen lugar tres jornadas en tramos de tierra en el Baixo Alentejo y la Serra do Caldeir\u00e3o.<\/p>\n<p style=\"text-align: justify;\">Para animar a los aficionados, Lisboa ofrece una tarde en la que se podr\u00e1 ver a los pilotos, estos tambi\u00e9n firmar\u00e1n aut\u00f3grafos. Adem\u00e1s podremos disfrutar de un espect\u00e1culo con buggies el\u00e9ctricos pilotados por los participantes del campeonato.<\/p>\n<p style=\"text-align: justify;\">Lisboa siempre ha sido un tramo muy dif\u00edcil que nos ha dejado im\u00e1genes espectaculares, como muestra, las del piloto Jari-Matti Latvala en 2009, que se precipit\u00f3 por una ladera dando 17 vueltas de campana.<\/p>\n<p><iframe loading=\"lazy\" src=\"\/\/www.youtube.com\/embed\/UDHwdSJZmAs\" height=\"488\" width=\"650\" allowfullscreen=\"\" frameborder=\"0\"><\/iframe><\/p>\n","protected":false},"excerpt":{"rendered":"<p>El WRC vuelve a Portugal, un a\u00f1o m\u00e1s, la salida ser\u00e1 desde Lisboa, donde multitud de aficionados se dar\u00e1n cita para disfrutar una de las pruebas m\u00e1s dif\u00edciles t\u00e9cnicamente de<\/p>\n","protected":false},"author":1,"featured_media":1527,"comment_status":"closed","ping_status":"open","sticky":false,"template":"","format":"standard","meta":{"footnotes":""},"categories":[9],"tags":[57,167],"class_list":["post-1448","post","type-post","status-publish","format-standard","has-post-thumbnail","hentry","category-eventos","tag-rally","tag-wrc"],"_links":{"self":[{"href":"https:\/\/www.sibuscascoche.com\/noticias\/wp-json\/wp\/v2\/posts\/1448","targetHints":{"allow":["GET"]}}],"collection":[{"href":"https:\/\/www.sibuscascoche.com\/noticias\/wp-json\/wp\/v2\/posts"}],"about":[{"href":"https:\/\/www.sibuscascoche.com\/noticias\/wp-json\/wp\/v2\/types\/post"}],"author":[{"embeddable":true,"href":"https:\/\/www.sibuscascoche.com\/noticias\/wp-json\/wp\/v2\/users\/1"}],"replies":[{"embeddable":true,"href":"https:\/\/www.sibuscascoche.com\/noticias\/wp-json\/wp\/v2\/comments?post=1448"}],"version-history":[{"count":27,"href":"https:\/\/www.sibuscascoche.com\/noticias\/wp-json\/wp\/v2\/posts\/1448\/revisions"}],"predecessor-version":[{"id":1802,"href":"https:\/\/www.sibuscascoche.com\/noticias\/wp-json\/wp\/v2\/posts\/1448\/revisions\/1802"}],"wp:featuredmedia":[{"embeddable":true,"href":"https:\/\/www.sibuscascoche.com\/noticias\/wp-json\/wp\/v2\/media\/1527"}],"wp:attachment":[{"href":"https:\/\/www.sibuscascoche.com\/noticias\/wp-json\/wp\/v2\/media?parent=1448"}],"wp:term":[{"taxonomy":"category","embeddable":true,"href":"https:\/\/www.sibuscascoche.com\/noticias\/wp-json\/wp\/v2\/categories?post=1448"},{"taxonomy":"post_tag","embeddable":true,"href":"https:\/\/www.sibuscascoche.com\/noticias\/wp-json\/wp\/v2\/tags?post=1448"}],"curies":[{"name":"wp","href":"https:\/\/api.w.org\/{rel}","templated":true}]}}