{"id":14465,"date":"2019-06-10T10:26:53","date_gmt":"2019-06-10T08:26:53","guid":{"rendered":"https:\/\/www.sibuscascoche.com\/noticias\/?p=14465"},"modified":"2019-06-10T17:49:26","modified_gmt":"2019-06-10T15:49:26","slug":"bmw-serie-8-gran-coupe-concesionario-galicia","status":"publish","type":"post","link":"https:\/\/www.sibuscascoche.com\/noticias\/2019\/bmw-serie-8-gran-coupe-concesionario-galicia\/","title":{"rendered":"BMW Serie 8 Gran Coup\u00e9: primeros detalles"},"content":{"rendered":"<p style=\"text-align: justify\">El nuevo BMW Serie 8 Gran Coup\u00e9 ser\u00e1 presentado por la firma a finales de junio, completando la familia a la que ya pertenecen el Coup\u00e9 y el Cabrio. Deportividad, lujo y comodidad en un veh\u00edculo \u00fanico y exclusivo que llegar\u00e1 al mercado en septiembre de 2019. Ya queda poco para que disfrutes del tuyo en <strong>BMW Galicia.<\/strong> Aqu\u00ed te contamos alguna informaci\u00f3n exclusiva.<\/p>\n<h5 style=\"text-align: justify\">Presentaci\u00f3n oficial<\/h5>\n<p style=\"text-align: justify\">El nuevo modelo se presentar\u00e1 en el evento BMW Welt de M\u00fanich, que se celebrar\u00e1 del 25 al 27 de junio de este a\u00f1o. Hasta entonces tendremos que esperar para conocer este nuevo modelo que promete revolucionar el mercado.<\/p>\n<h5 style=\"text-align: justify\">Gran tama\u00f1o y comodidad<\/h5>\n<p style=\"text-align: justify\"><img loading=\"lazy\" decoding=\"async\" class=\"alignright size-full wp-image-14468\" src=\"https:\/\/www.sibuscascoche.com\/noticias\/wp-content\/uploads\/2019\/05\/bmw-serie-8-gran-coupe-faros.jpg\" alt=\"bmw serie 8 gran coupe, bmw galicia, concesionario galicia\" width=\"300\" height=\"200\">El BMW Serie 8 Gran Coup\u00e9 es un coche de cuatro puertas largo y esbelto, con <strong>l\u00edneas suaves que evocan elegancia y velocidad.<\/strong> Tiene adem\u00e1s un toque deportivo con entradas de aire m\u00e1s grandes y los cl\u00e1sicos tubos de escape rectangulares.<\/p>\n<p style=\"text-align: justify\">El habit\u00e1culo es amplio, lo que permite una gran comodidad tambi\u00e9n en las plazas traseras. Se pronostica que va a contar con el mejor interior de la gama con asientos de cuero y las \u00faltimas tendencias en ayudas a la conducci\u00f3n y tecnolog\u00eda.<\/p>\n<h5 style=\"text-align: justify\">Especulaciones mec\u00e1nicas<\/h5>\n<p style=\"text-align: justify\">Todo apunta a que bajo la carrocer\u00eda se esconde <strong>un motor V8 de 4.4 litros con 530 CV de potencia y 750 Nm de par.<\/strong> Tambi\u00e9n se rumorea que contaremos con otras opciones como el M850d con 400 CV en un motor di\u00e9sel de 6 cilindros y opciones m\u00e1s asequibles similares a las que incluyen los modelos serie 5. Todos los motores ir\u00e1n acompa\u00f1ados de sistema inteligente de tracci\u00f3n a las cuatro ruedas xDrive, que junto a otros elementos permitir\u00e1 un mayor rendimiento y eficiencia.<\/p>\n<p style=\"text-align: justify\">Tendremos que esperar para conocer todos los detalles de este nuevo veh\u00edculo de BMW que promete convertirse en uno de los modelos m\u00e1s exclusivos y potentes del mercado del autom\u00f3vil. Muy pronto podr\u00e1s reservar el tuyo en tu Concesionario Galicia.<\/p>\n","protected":false},"excerpt":{"rendered":"<p>El nuevo BMW Serie 8 Gran Coup\u00e9 ser\u00e1 presentado por la firma a finales de junio, completando la familia a la que ya pertenecen el Coup\u00e9 y el Cabrio. Deportividad,<\/p>\n","protected":false},"author":6,"featured_media":14536,"comment_status":"closed","ping_status":"open","sticky":false,"template":"","format":"standard","meta":{"footnotes":""},"categories":[1,8],"tags":[1427,1426,1289],"class_list":["post-14465","post","type-post","status-publish","format-standard","has-post-thumbnail","hentry","category-actualidad","category-lanzamientos","tag-bmw-galicia","tag-bmw-serie-8-gran-coupe","tag-concesionario-galicia"],"_links":{"self":[{"href":"https:\/\/www.sibuscascoche.com\/noticias\/wp-json\/wp\/v2\/posts\/14465","targetHints":{"allow":["GET"]}}],"collection":[{"href":"https:\/\/www.sibuscascoche.com\/noticias\/wp-json\/wp\/v2\/posts"}],"about":[{"href":"https:\/\/www.sibuscascoche.com\/noticias\/wp-json\/wp\/v2\/types\/post"}],"author":[{"embeddable":true,"href":"https:\/\/www.sibuscascoche.com\/noticias\/wp-json\/wp\/v2\/users\/6"}],"replies":[{"embeddable":true,"href":"https:\/\/www.sibuscascoche.com\/noticias\/wp-json\/wp\/v2\/comments?post=14465"}],"version-history":[{"count":9,"href":"https:\/\/www.sibuscascoche.com\/noticias\/wp-json\/wp\/v2\/posts\/14465\/revisions"}],"predecessor-version":[{"id":14538,"href":"https:\/\/www.sibuscascoche.com\/noticias\/wp-json\/wp\/v2\/posts\/14465\/revisions\/14538"}],"wp:featuredmedia":[{"embeddable":true,"href":"https:\/\/www.sibuscascoche.com\/noticias\/wp-json\/wp\/v2\/media\/14536"}],"wp:attachment":[{"href":"https:\/\/www.sibuscascoche.com\/noticias\/wp-json\/wp\/v2\/media?parent=14465"}],"wp:term":[{"taxonomy":"category","embeddable":true,"href":"https:\/\/www.sibuscascoche.com\/noticias\/wp-json\/wp\/v2\/categories?post=14465"},{"taxonomy":"post_tag","embeddable":true,"href":"https:\/\/www.sibuscascoche.com\/noticias\/wp-json\/wp\/v2\/tags?post=14465"}],"curies":[{"name":"wp","href":"https:\/\/api.w.org\/{rel}","templated":true}]}}