{"id":14381,"date":"2019-05-20T09:00:38","date_gmt":"2019-05-20T07:00:38","guid":{"rendered":"https:\/\/www.sibuscascoche.com\/noticias\/?p=14381"},"modified":"2019-05-13T15:47:42","modified_gmt":"2019-05-13T13:47:42","slug":"mercedes-amg-cla-35-4matic-galicia","status":"publish","type":"post","link":"https:\/\/www.sibuscascoche.com\/noticias\/2019\/mercedes-amg-cla-35-4matic-galicia\/","title":{"rendered":"Mercedes-AMG CLA 35 4Matic, el veh\u00edculo de las nuevas generaciones"},"content":{"rendered":"<p style=\"text-align: justify;\">Mercedes ha presentado en el Sal\u00f3n Internacional del Autom\u00f3vil de Nueva York su nuevo y sorprendente modelo. Un veh\u00edculo de alto rendimiento, con un dise\u00f1o coup\u00e9 y agresivo y solo apto para los m\u00e1s arriesgados. Aqu\u00ed te contamos algunos de sus detalles y a partir de agosto podr\u00e1s reservar el tuyo en <strong>Mercedes Galicia<\/strong>.<\/p>\n<h5 style=\"text-align: justify;\">Un nuevo estilo de vida<\/h5>\n<p style=\"text-align: justify;\">El expresivo dise\u00f1o del nuevo Mercedes-AMG CLA 34 4Matic pretende representar a una nueva generaci\u00f3n de personas j\u00f3venes y que buscan diferenciarse del resto, adem\u00e1s de emociones fuertes. Sus conductores representan un estilo de vida, una actitud desafiante y rompedora ante las adversidades.<\/p>\n<p style=\"text-align: justify;\">Estas caracter\u00edsticas se manifiestan en la propia <strong>est\u00e9tica del coche, muy expresiva, con l\u00edneas marcadas y agresivas.<\/strong> Entre otros detalles encontramos un parachoques delantero con unas tomas de aire y un difusor muy amplios, grandes pasos de rueda y una parrilla de doble lama. La parte trasera tiene un aspecto m\u00e1s deportivo, con un difusor multicanal y un peque\u00f1o aler\u00f3n sobre el maletero.<\/p>\n<p style=\"text-align: justify;\"><img loading=\"lazy\" decoding=\"async\" class=\"alignright size-full wp-image-14383\" alt=\"mercedes-amg cla 35 4matic, mercedes galicia\" src=\"https:\/\/www.sibuscascoche.com\/noticias\/wp-content\/uploads\/2019\/05\/mercedes-amg-cla-35-4matic-interior.jpg\" width=\"300\" height=\"200\" \/>Por su parte, en el interior encontramos un equipamiento de \u00faltima generaci\u00f3n. Con el sistema operativo MBUX de Mercedes, se combina la instrumentaci\u00f3n digital con una pantalla de infoentretenimiento en la parte superior del salpicadero. Los asientos son deportivos y podemos ver detalles espec\u00edficos de AMG. El cuadro de mandos tambi\u00e9n puede personalizarse con diferentes modos.<\/p>\n<h5 style=\"text-align: justify;\">Especificaciones t\u00e9cnicas<\/h5>\n<p style=\"text-align: justify;\">En su interior encontramos un motor turboalimentado de 2.0 litros y cuatro cilindros que produce 306 CV a 5.800 RPM y 400 Nm. Cuenta con cambio autom\u00e1tico de doble embrague y siete velocidades. Adem\u00e1s, incluye la \u00faltima generaci\u00f3n del tren de rodaje AMG Ride Control. En este sistema el eje anterior cuenta con suspensi\u00f3n McPherson con montajes telesc\u00f3picos y, en la zaga, un sistema multibrazo (cuatro), lo que garantiza la m\u00e1xima estabilidad y agilidad. Por otro lado, utiliza una direcci\u00f3n electromec\u00e1nica de asistencia variable e integra una \u201cplaca de empuje\u201d para aumentar la rigidez torsional. Es decir, una placa de aluminio atornillada bajo el motor. Este nuevo modelo contar\u00e1 con cinco modos de conducci\u00f3n: Calzada resbaladiza, Comfort, Sport, Sport+ e Individual.<\/p>\n<p style=\"text-align: justify;\">Este CLA 35 incluye frenos de discos ventilados y perforados de 350 mm en la parte delantera y de 330 mm en la trasera, con pintas fijas de 4 pistones y 1 pist\u00f3n, respectivamente.<\/p>\n<p style=\"text-align: justify;\">Aunque tendremos que esperar a agosto para poder reservarlo en Mercedes Galicia, ya podemos hacernos una idea de este nuevo veh\u00edculo que s\u00f3lo ser\u00e1 apto para los m\u00e1s atrevidos.<\/p>\n","protected":false},"excerpt":{"rendered":"<p>Mercedes ha presentado en el Sal\u00f3n Internacional del Autom\u00f3vil de Nueva York su nuevo y sorprendente modelo. Un veh\u00edculo de alto rendimiento, con un dise\u00f1o coup\u00e9 y agresivo y solo<\/p>\n","protected":false},"author":6,"featured_media":14384,"comment_status":"closed","ping_status":"open","sticky":false,"template":"","format":"standard","meta":{"footnotes":""},"categories":[1,8],"tags":[1420,1419],"class_list":["post-14381","post","type-post","status-publish","format-standard","has-post-thumbnail","hentry","category-actualidad","category-lanzamientos","tag-mercedes-galicia","tag-mercedes-amg-cla-35-4matic"],"_links":{"self":[{"href":"https:\/\/www.sibuscascoche.com\/noticias\/wp-json\/wp\/v2\/posts\/14381","targetHints":{"allow":["GET"]}}],"collection":[{"href":"https:\/\/www.sibuscascoche.com\/noticias\/wp-json\/wp\/v2\/posts"}],"about":[{"href":"https:\/\/www.sibuscascoche.com\/noticias\/wp-json\/wp\/v2\/types\/post"}],"author":[{"embeddable":true,"href":"https:\/\/www.sibuscascoche.com\/noticias\/wp-json\/wp\/v2\/users\/6"}],"replies":[{"embeddable":true,"href":"https:\/\/www.sibuscascoche.com\/noticias\/wp-json\/wp\/v2\/comments?post=14381"}],"version-history":[{"count":6,"href":"https:\/\/www.sibuscascoche.com\/noticias\/wp-json\/wp\/v2\/posts\/14381\/revisions"}],"predecessor-version":[{"id":14404,"href":"https:\/\/www.sibuscascoche.com\/noticias\/wp-json\/wp\/v2\/posts\/14381\/revisions\/14404"}],"wp:featuredmedia":[{"embeddable":true,"href":"https:\/\/www.sibuscascoche.com\/noticias\/wp-json\/wp\/v2\/media\/14384"}],"wp:attachment":[{"href":"https:\/\/www.sibuscascoche.com\/noticias\/wp-json\/wp\/v2\/media?parent=14381"}],"wp:term":[{"taxonomy":"category","embeddable":true,"href":"https:\/\/www.sibuscascoche.com\/noticias\/wp-json\/wp\/v2\/categories?post=14381"},{"taxonomy":"post_tag","embeddable":true,"href":"https:\/\/www.sibuscascoche.com\/noticias\/wp-json\/wp\/v2\/tags?post=14381"}],"curies":[{"name":"wp","href":"https:\/\/api.w.org\/{rel}","templated":true}]}}