{"id":14337,"date":"2019-05-13T09:02:22","date_gmt":"2019-05-13T07:02:22","guid":{"rendered":"https:\/\/www.sibuscascoche.com\/noticias\/?p=14337"},"modified":"2019-05-06T09:05:49","modified_gmt":"2019-05-06T07:05:49","slug":"volkswagen-passat-2019-galicia","status":"publish","type":"post","link":"https:\/\/www.sibuscascoche.com\/noticias\/2019\/volkswagen-passat-2019-galicia\/","title":{"rendered":"Volkswagen Passat 2019, nueva renovaci\u00f3n de la berlina"},"content":{"rendered":"<p style=\"text-align: justify;\">Volkswagen sacar\u00e1 al mercado en septiembre un nuevo modelo de su cl\u00e1sico Passat, uno de sus buques insignias y el m\u00e1s vendido de la historia tras el Golf. Esta octava generaci\u00f3n incluye los sistemas de seguridad m\u00e1s avanzados, tecnolog\u00eda de \u00faltima generaci\u00f3n y una versi\u00f3n m\u00e1s el\u00e9ctrica. Aqu\u00ed te desvelamos algunas de sus caracter\u00edsticas y muy pronto estar\u00e1 disponible en <strong>Volkswagen Galicia<\/strong>.<\/p>\n<h5 style=\"text-align: justify;\">Equipaci\u00f3n de \u00faltima generaci\u00f3n<\/h5>\n<p style=\"text-align: justify;\">El nuevo Passat incluir\u00e1 los nuevos sistemas de <strong>info-entretenimiento y conectividad<\/strong> que ser\u00e1 la base para los nuevos modelos. Adem\u00e1s, tendr\u00e1 un sistema modular de tercera generaci\u00f3n (MIB3), que tienen integrado llamadas de emergencia y la unidad de comunicaci\u00f3n, por lo que ser\u00e1 un veh\u00edculo permanentemente conectado. Tambi\u00e9n hay que destacar los servicios de m\u00fasica en streaming y de comunicaci\u00f3n por voz. Una de las grandes novedades que Volkswagen quiere iniciar con el Passat es el \u00abVolkswagen We\u00bb, una plataforma digital que pretende aglutinar todas las ofertas de la marca relacionadas con la movilidad.<\/p>\n<p style=\"text-align: justify;\"><img loading=\"lazy\" decoding=\"async\" class=\"alignright size-full wp-image-14339\" alt=\"volkswagen passat 2019, volkswagen galicia, concesionario galicia\" src=\"https:\/\/www.sibuscascoche.com\/noticias\/wp-content\/uploads\/2019\/04\/volkswagen-passat-2019-interior.jpg\" width=\"300\" height=\"200\" \/>Otra de las grandes sorpresas que encontramos en este modelo es la posibilidad de conducci\u00f3n aut\u00f3noma de nivel 2. El volante cuenta con unos sensores que reconocen si el conductor lleva las manos en \u00e9l. Este sistema permite una<strong> conducci\u00f3n semiaut\u00f3noma de 0 a 210 km\/h.<\/strong><\/p>\n<p style=\"text-align: justify;\">La instrumentalizaci\u00f3n tambi\u00e9n se ha modernizado y el nuevo Passat incorpora una nueva pantalla de 11,7 pulgadas con mayor resoluci\u00f3n, brillo y contraste. El nuevo cockpit digital es m\u00e1s simple y f\u00e1cil de usar.<\/p>\n<h5 style=\"text-align: justify;\">Nuevos motores<\/h5>\n<p style=\"text-align: justify;\">Adem\u00e1s de los motores de gasolina 1.5 TSI de 150 CV, 2.0 TSI en versi\u00f3n de 190 o 272 CV de potencia y las versiones de di\u00e9sel 1.6 TDI de 120 CV y 2.0 TDI de 150, 190 o 240 CV, el nuevo Passat saldr\u00e1 al mercado con una nueva opci\u00f3n GTE. Tendr\u00e1 hasta 218 CV de potencia y cumplir\u00e1 con todos los l\u00edmites de emisiones, adem\u00e1s tendr\u00e1 mucha m\u00e1s autonom\u00eda.<\/p>\n<p style=\"text-align: justify;\">El nuevo Volkswagen Passat estar\u00e1 disponible en carrocer\u00eda sed\u00e1n, familiar Variant y en la Alltrack. Tambi\u00e9n existe la posibilidad de una serie especial Performance, con mayor potencia y amortiguaci\u00f3n adaptativa. Muy pronto conoceremos m\u00e1s detalles y los precios para nuestro pa\u00eds.<\/p>\n<p style=\"text-align: justify;\">\n","protected":false},"excerpt":{"rendered":"<p>Volkswagen sacar\u00e1 al mercado en septiembre un nuevo modelo de su cl\u00e1sico Passat, uno de sus buques insignias y el m\u00e1s vendido de la historia tras el Golf. Esta octava<\/p>\n","protected":false},"author":6,"featured_media":14340,"comment_status":"closed","ping_status":"open","sticky":false,"template":"","format":"standard","meta":{"footnotes":""},"categories":[1],"tags":[1414,1413],"class_list":["post-14337","post","type-post","status-publish","format-standard","has-post-thumbnail","hentry","category-actualidad","tag-volkswagen-galici","tag-volkswagen-passat-2019"],"_links":{"self":[{"href":"https:\/\/www.sibuscascoche.com\/noticias\/wp-json\/wp\/v2\/posts\/14337","targetHints":{"allow":["GET"]}}],"collection":[{"href":"https:\/\/www.sibuscascoche.com\/noticias\/wp-json\/wp\/v2\/posts"}],"about":[{"href":"https:\/\/www.sibuscascoche.com\/noticias\/wp-json\/wp\/v2\/types\/post"}],"author":[{"embeddable":true,"href":"https:\/\/www.sibuscascoche.com\/noticias\/wp-json\/wp\/v2\/users\/6"}],"replies":[{"embeddable":true,"href":"https:\/\/www.sibuscascoche.com\/noticias\/wp-json\/wp\/v2\/comments?post=14337"}],"version-history":[{"count":5,"href":"https:\/\/www.sibuscascoche.com\/noticias\/wp-json\/wp\/v2\/posts\/14337\/revisions"}],"predecessor-version":[{"id":14368,"href":"https:\/\/www.sibuscascoche.com\/noticias\/wp-json\/wp\/v2\/posts\/14337\/revisions\/14368"}],"wp:featuredmedia":[{"embeddable":true,"href":"https:\/\/www.sibuscascoche.com\/noticias\/wp-json\/wp\/v2\/media\/14340"}],"wp:attachment":[{"href":"https:\/\/www.sibuscascoche.com\/noticias\/wp-json\/wp\/v2\/media?parent=14337"}],"wp:term":[{"taxonomy":"category","embeddable":true,"href":"https:\/\/www.sibuscascoche.com\/noticias\/wp-json\/wp\/v2\/categories?post=14337"},{"taxonomy":"post_tag","embeddable":true,"href":"https:\/\/www.sibuscascoche.com\/noticias\/wp-json\/wp\/v2\/tags?post=14337"}],"curies":[{"name":"wp","href":"https:\/\/api.w.org\/{rel}","templated":true}]}}