{"id":14327,"date":"2019-05-02T09:25:04","date_gmt":"2019-05-02T07:25:04","guid":{"rendered":"https:\/\/www.sibuscascoche.com\/noticias\/?p=14327"},"modified":"2019-04-29T09:31:47","modified_gmt":"2019-04-29T07:31:47","slug":"fiat-500-electrico-2020-fiat-galicia","status":"publish","type":"post","link":"https:\/\/www.sibuscascoche.com\/noticias\/2019\/fiat-500-electrico-2020-fiat-galicia\/","title":{"rendered":"Fiat 500, el futuro de los el\u00e9ctricos"},"content":{"rendered":"<p style=\"text-align: justify;\">Fiat ha confirmado que la renovaci\u00f3n de su modelo m\u00e1s urbano, el Fiat 500, solo se comercializar\u00e1 en su variante el\u00e9ctrica a partir del pr\u00f3ximo a\u00f1o. <strong>La firma italiana dar\u00e1 a conocer el veh\u00edculo en el Sal\u00f3n de Ginebra de 2020<\/strong> y a partir de ese momento solo se fabricar\u00e1n coches cero emisiones.<\/p>\n<h5 style=\"text-align: justify;\">Principales motivos<\/h5>\n<p style=\"text-align: justify;\"><img loading=\"lazy\" decoding=\"async\" class=\"alignright size-full wp-image-14329\" alt=\"fiat 500 electrico, fiat 500e, fiat galicia\" src=\"https:\/\/www.sibuscascoche.com\/noticias\/wp-content\/uploads\/2019\/04\/Fiat-500e-recarga.jpg\" width=\"300\" height=\"200\" \/>Los conocedores del mercado hac\u00eda tiempo que ven\u00edan pronosticando este cambio de generaci\u00f3n en Fiat y su modelo 500 era el mejor candidato. Un veh\u00edculo de peque\u00f1as dimensiones, vers\u00e1til e ideal para moverse por ciudad y aparcar sin problema. El director de Marketing de la compa\u00f1\u00eda ha asegurado que el veh\u00edculo mantendr\u00e1 el aspecto exterior que conocemos pero la mec\u00e1nica ser\u00e1 totalmente diferente.<\/p>\n<p style=\"text-align: justify;\">El principal cambio y novedad tecnol\u00f3gica en el nuevo Fiat 500 est\u00e1 en su nueva plataforma el\u00e9ctrica, un sistema reci\u00e9n estrenado que te\u00f3ricamente tambi\u00e9n se emplear\u00e1 en el nuevo modelo Centoventi, que pudimos ver su prototipo en el Sal\u00f3n de Ginebra de este a\u00f1o.<\/p>\n<h5 style=\"text-align: justify;\">Principales ventajas en el mercado<\/h5>\n<p style=\"text-align: justify;\">A pesar de que numerosos modelos 100% el\u00e9ctricos ya est\u00e1n en el mercado o lo estar\u00e1n en los pr\u00f3ximos meses,\u00a0 este modelo tiene una ventaja fundamental: el precio. Adem\u00e1s de ser un coche muy c\u00f3modo, por sus proporciones, el nuevo Fiat 500 se comercializar\u00e1 con un precio de salida de unos 24.000 euros. Un precio muy por debajo de sus competidores el\u00e9ctricos.<\/p>\n<p style=\"text-align: justify;\">La entidad italiana tambi\u00e9n ha anunciado que a finales de a\u00f1o podr\u00eda comenzar a comercializarse una variante microh\u00edbrida del mismo modelo. Fiat est\u00e1 haciendo un gran esfuerzo por crear coches rentables pero que cumplan las normativas de emisiones, y lo est\u00e1 consiguiendo con creces.<\/p>\n<p style=\"text-align: justify;\">Muy pronto podr\u00e1s reservar tu Fiat 500 totalmente el\u00e9ctrico en <strong>Fiat Galicia<\/strong>, un compacto urbano con todo lo que necesitas para tus traslados por ciudad y con un precio de salida muy asequible. Poco a poco las marcas tendr\u00e1n que bajar los precios de sus modelos cero emisiones para que la poblaci\u00f3n pueda adquirirlos y conseguir una conducci\u00f3n respetuosa con el medio ambiente.<\/p>\n","protected":false},"excerpt":{"rendered":"<p>Fiat ha confirmado que la renovaci\u00f3n de su modelo m\u00e1s urbano, el Fiat 500, solo se comercializar\u00e1 en su variante el\u00e9ctrica a partir del pr\u00f3ximo a\u00f1o. La firma italiana dar\u00e1<\/p>\n","protected":false},"author":6,"featured_media":14330,"comment_status":"closed","ping_status":"open","sticky":false,"template":"","format":"standard","meta":{"footnotes":""},"categories":[1,8],"tags":[99,1411],"class_list":["post-14327","post","type-post","status-publish","format-standard","has-post-thumbnail","hentry","category-actualidad","category-lanzamientos","tag-fiat-500-electrico","tag-fiat-galicia"],"_links":{"self":[{"href":"https:\/\/www.sibuscascoche.com\/noticias\/wp-json\/wp\/v2\/posts\/14327","targetHints":{"allow":["GET"]}}],"collection":[{"href":"https:\/\/www.sibuscascoche.com\/noticias\/wp-json\/wp\/v2\/posts"}],"about":[{"href":"https:\/\/www.sibuscascoche.com\/noticias\/wp-json\/wp\/v2\/types\/post"}],"author":[{"embeddable":true,"href":"https:\/\/www.sibuscascoche.com\/noticias\/wp-json\/wp\/v2\/users\/6"}],"replies":[{"embeddable":true,"href":"https:\/\/www.sibuscascoche.com\/noticias\/wp-json\/wp\/v2\/comments?post=14327"}],"version-history":[{"count":3,"href":"https:\/\/www.sibuscascoche.com\/noticias\/wp-json\/wp\/v2\/posts\/14327\/revisions"}],"predecessor-version":[{"id":14355,"href":"https:\/\/www.sibuscascoche.com\/noticias\/wp-json\/wp\/v2\/posts\/14327\/revisions\/14355"}],"wp:featuredmedia":[{"embeddable":true,"href":"https:\/\/www.sibuscascoche.com\/noticias\/wp-json\/wp\/v2\/media\/14330"}],"wp:attachment":[{"href":"https:\/\/www.sibuscascoche.com\/noticias\/wp-json\/wp\/v2\/media?parent=14327"}],"wp:term":[{"taxonomy":"category","embeddable":true,"href":"https:\/\/www.sibuscascoche.com\/noticias\/wp-json\/wp\/v2\/categories?post=14327"},{"taxonomy":"post_tag","embeddable":true,"href":"https:\/\/www.sibuscascoche.com\/noticias\/wp-json\/wp\/v2\/tags?post=14327"}],"curies":[{"name":"wp","href":"https:\/\/api.w.org\/{rel}","templated":true}]}}