{"id":14288,"date":"2019-04-22T11:10:46","date_gmt":"2019-04-22T09:10:46","guid":{"rendered":"https:\/\/www.sibuscascoche.com\/noticias\/?p=14288"},"modified":"2019-04-22T11:10:46","modified_gmt":"2019-04-22T09:10:46","slug":"audi-galicia-coches-hibridos-electricos","status":"publish","type":"post","link":"https:\/\/www.sibuscascoche.com\/noticias\/2019\/audi-galicia-coches-hibridos-electricos\/","title":{"rendered":"Audi aumenta la ofensiva h\u00edbrida en 2019"},"content":{"rendered":"<p style=\"text-align: justify;\">La marca de los cuatro aros est\u00e1 centrando toda su producci\u00f3n en modelos m\u00e1s respetuosos con el medio ambiente. El primer modelo 100% el\u00e9ctrico de la marca, el Audi e-tron, con su precio de partida de 82.400 euros, ya tiene m\u00e1s de 20.000 pedidos.\u00a0 Una nueva generaci\u00f3n en el mercado automovil\u00edstico est\u00e1 teniendo lugar y <strong>Audi es una muestra de innovaci\u00f3n y actualizaci\u00f3n.<\/strong> A continuaci\u00f3n te desvelamos algunos de los modelos que saldr\u00e1n al mercado en los pr\u00f3ximos meses, algunos de los cuales ya puedes reservar en <strong>Audi Galicia<\/strong>.<\/p>\n<h5 style=\"text-align: justify;\">Nuevos modelos 100% el\u00e9ctricos<\/h5>\n<p style=\"text-align: justify;\">Los que han probado el e-tron aseguran que es un veh\u00edculo muy \u00e1gil y din\u00e1mico, con m\u00e1s de 400 kil\u00f3metros de autonom\u00eda y con numerosas tecnolog\u00edas muy novedosas. Una de las m\u00e1s llamativas la encontramos en los espejos retrovisores digitales, que proyectan la imagen en pantallas situadas en la parte interna de la puerta del veh\u00edculo. A finales de 2019 un nuevo modelo totalmente el\u00e9ctrico saldr\u00e1 al mercado, el e-tron Sportback. Un todocamino de lujo a la altura de los modelos de Tesla.<\/p>\n<p style=\"text-align: justify;\"><img loading=\"lazy\" decoding=\"async\" class=\"alignright size-full wp-image-14290\" alt=\"audi galicia, audi e-tron, coches electricos, coches hibridos\" src=\"https:\/\/www.sibuscascoche.com\/noticias\/wp-content\/uploads\/2019\/04\/audi-e-tron-gt.jpg\" width=\"300\" height=\"200\" \/>Tendremos que esperar a 2020 para que Audi saque nuevos modelos el\u00e9ctricos. Solo han desvelado que el primero en salir al mercado ser\u00e1 el etron GT, con un car\u00e1cter deportivo y un dise\u00f1o agresivo. Posteriormente podremos conocer al Q4 etron, m\u00e1s peque\u00f1o y que dar\u00e1 paso a una nueva l\u00ednea en el dise\u00f1o de los veh\u00edculos de este tipo. Esta diferencia vendr\u00e1 marcada sobre todo por una nueva parrilla singleframe.<\/p>\n<h5 style=\"text-align: justify;\">Modelos h\u00edbridos<\/h5>\n<p style=\"text-align: justify;\">Aunque tendremos que esperar al pr\u00f3ximo a\u00f1o para conocer toda la gama el\u00e9ctrica de Audi, en 2019 tambi\u00e9n sacar\u00e1 al mercado nuevos modelos h\u00edbridos enchufables. Estos veh\u00edculos tendr\u00e1n en nuestro pa\u00eds la etiqueta ambiental Cero emisiones y ser\u00e1n los modelos A3 TFSI e, A6 L TFSI e, A7 TFSI e el Q5 TFSI e, el Q8 TFSI e y el A8 L TFSI e.<\/p>\n<p style=\"text-align: justify;\">La marca alemana est\u00e1 centrando su ofensiva en modelos el\u00e9ctricos e h\u00edbridos a lo largo del a\u00f1o, y ahora adem\u00e1s sacar\u00e1 nuevos modelos de sus cl\u00e1sicos, como el A4 o el Q7. Muy pronto podr\u00e1s reservar el tuyo en Audi Galicia y aqu\u00ed te contaremos todos los detalles.<\/p>\n<p style=\"text-align: justify;\">\n","protected":false},"excerpt":{"rendered":"<p>La marca de los cuatro aros est\u00e1 centrando toda su producci\u00f3n en modelos m\u00e1s respetuosos con el medio ambiente. El primer modelo 100% el\u00e9ctrico de la marca, el Audi e-tron,<\/p>\n","protected":false},"author":6,"featured_media":14291,"comment_status":"closed","ping_status":"open","sticky":false,"template":"","format":"standard","meta":{"footnotes":""},"categories":[1],"tags":[1340,220,405],"class_list":["post-14288","post","type-post","status-publish","format-standard","has-post-thumbnail","hentry","category-actualidad","tag-audi-galicia","tag-coches-electricos","tag-coches-hibridos"],"_links":{"self":[{"href":"https:\/\/www.sibuscascoche.com\/noticias\/wp-json\/wp\/v2\/posts\/14288","targetHints":{"allow":["GET"]}}],"collection":[{"href":"https:\/\/www.sibuscascoche.com\/noticias\/wp-json\/wp\/v2\/posts"}],"about":[{"href":"https:\/\/www.sibuscascoche.com\/noticias\/wp-json\/wp\/v2\/types\/post"}],"author":[{"embeddable":true,"href":"https:\/\/www.sibuscascoche.com\/noticias\/wp-json\/wp\/v2\/users\/6"}],"replies":[{"embeddable":true,"href":"https:\/\/www.sibuscascoche.com\/noticias\/wp-json\/wp\/v2\/comments?post=14288"}],"version-history":[{"count":5,"href":"https:\/\/www.sibuscascoche.com\/noticias\/wp-json\/wp\/v2\/posts\/14288\/revisions"}],"predecessor-version":[{"id":14324,"href":"https:\/\/www.sibuscascoche.com\/noticias\/wp-json\/wp\/v2\/posts\/14288\/revisions\/14324"}],"wp:featuredmedia":[{"embeddable":true,"href":"https:\/\/www.sibuscascoche.com\/noticias\/wp-json\/wp\/v2\/media\/14291"}],"wp:attachment":[{"href":"https:\/\/www.sibuscascoche.com\/noticias\/wp-json\/wp\/v2\/media?parent=14288"}],"wp:term":[{"taxonomy":"category","embeddable":true,"href":"https:\/\/www.sibuscascoche.com\/noticias\/wp-json\/wp\/v2\/categories?post=14288"},{"taxonomy":"post_tag","embeddable":true,"href":"https:\/\/www.sibuscascoche.com\/noticias\/wp-json\/wp\/v2\/tags?post=14288"}],"curies":[{"name":"wp","href":"https:\/\/api.w.org\/{rel}","templated":true}]}}