{"id":14271,"date":"2019-04-22T10:54:44","date_gmt":"2019-04-22T08:54:44","guid":{"rendered":"https:\/\/www.sibuscascoche.com\/noticias\/?p=14271"},"modified":"2019-04-22T10:54:44","modified_gmt":"2019-04-22T08:54:44","slug":"skoda-scala-concesionario-galicia","status":"publish","type":"post","link":"https:\/\/www.sibuscascoche.com\/noticias\/2019\/skoda-scala-concesionario-galicia\/","title":{"rendered":"Skoda Scala, un compacto bien equipado"},"content":{"rendered":"<p style=\"text-align: justify;\">La marca sueca acaba de presentar el lanzamiento del nuevo Skoda Scala y lo ha celebrado con una edici\u00f3n especial First Edition, con un completo equipamiento y un precio de partida de 26.030 euros. Ya puedes reservar el tuyo en <strong>Skoda Galicia<\/strong> y aqu\u00ed te contamos algunas de sus caracter\u00edsticas.<\/p>\n<h5 style=\"text-align: justify;\">Dise\u00f1o atractivo<\/h5>\n<p style=\"text-align: justify;\">El nuevo compacto de Skoda mide 4.36 m de largo, tiene cinco plazas y un maletero de 467 litros de capacidad. <strong>Un coche espacioso y bien equipado, perfecto para moverse en familia por la ciudad.<\/strong><\/p>\n<p style=\"text-align: justify;\"><img loading=\"lazy\" decoding=\"async\" class=\"alignright size-full wp-image-14274\" alt=\"skoda scala, skoda galicia\" src=\"https:\/\/www.sibuscascoche.com\/noticias\/wp-content\/uploads\/2019\/04\/skoda-scala-interior.jpg\" width=\"300\" height=\"200\" \/>La edici\u00f3n First Edition incluye llantas de aleaci\u00f3n de 18&#8243;, tren de rodaje deportivo, asientos y volante multifunci\u00f3n deportivo y cristales traseros tintados. La promoci\u00f3n de lanzamiento incluye de serie un port\u00f3n trasero de cristal, c\u00e1mara trasera, intermitentes din\u00e1micos, retrovisores el\u00e9ctricos y regulador y limitador de velocidad. Una equipaci\u00f3n muy completa y valorada en 1.200 euros. Tampoco hay que olvidarse de que incluye faros led delanteros y traseros, luces led de ambiente en el interior y selector de modos de conducci\u00f3n.<\/p>\n<h5 style=\"text-align: justify;\">Mec\u00e1nica potente<\/h5>\n<p style=\"text-align: justify;\">Esta edici\u00f3n especial saldr\u00e1 al mercado con un motor de gasolina 1.5 TSI de cuatro cilindros con 150 CV y transmisi\u00f3n autom\u00e1tica DSG de doble embrague con siete velocidades. Un veh\u00edculo potente que acelera de 0 a 100 km\/h en 8,2 segundos y tiene una velocidad m\u00e1xima de 219 km\/h y un consumo medio de 5,0 l\/100 km.<\/p>\n<p style=\"text-align: justify;\"><strong>El modelo checo estar\u00e1 disponible en tres niveles de acabado m\u00e1s: Active, Ambition y Style<\/strong> y con una variedad de motores en di\u00e9sel, gasolina y gas de entre 90 a 150 CV.<\/p>\n<p style=\"text-align: justify;\">El nuevo Skoda Skala en su edici\u00f3n especial es <strong>el veh\u00edculo perfecto para los que no quieren renunciar al coche deportivo aunque hayan aumentado la familia.<\/strong> Con un dise\u00f1o marcado, agresivo, gran potencia y la mejor equipaci\u00f3n. Puedes reservar el tuyo en Skoda Galicia desde 26.030 euros o si prefieres un Skoda Scala m\u00e1s b\u00e1sico, solo te costar\u00e1 13.99 euros.<\/p>\n","protected":false},"excerpt":{"rendered":"<p>La marca sueca acaba de presentar el lanzamiento del nuevo Skoda Scala y lo ha celebrado con una edici\u00f3n especial First Edition, con un completo equipamiento y un precio de<\/p>\n","protected":false},"author":6,"featured_media":14273,"comment_status":"closed","ping_status":"open","sticky":false,"template":"","format":"standard","meta":{"footnotes":""},"categories":[1,8],"tags":[1406],"class_list":["post-14271","post","type-post","status-publish","format-standard","has-post-thumbnail","hentry","category-actualidad","category-lanzamientos","tag-skoda-scala"],"_links":{"self":[{"href":"https:\/\/www.sibuscascoche.com\/noticias\/wp-json\/wp\/v2\/posts\/14271","targetHints":{"allow":["GET"]}}],"collection":[{"href":"https:\/\/www.sibuscascoche.com\/noticias\/wp-json\/wp\/v2\/posts"}],"about":[{"href":"https:\/\/www.sibuscascoche.com\/noticias\/wp-json\/wp\/v2\/types\/post"}],"author":[{"embeddable":true,"href":"https:\/\/www.sibuscascoche.com\/noticias\/wp-json\/wp\/v2\/users\/6"}],"replies":[{"embeddable":true,"href":"https:\/\/www.sibuscascoche.com\/noticias\/wp-json\/wp\/v2\/comments?post=14271"}],"version-history":[{"count":4,"href":"https:\/\/www.sibuscascoche.com\/noticias\/wp-json\/wp\/v2\/posts\/14271\/revisions"}],"predecessor-version":[{"id":14321,"href":"https:\/\/www.sibuscascoche.com\/noticias\/wp-json\/wp\/v2\/posts\/14271\/revisions\/14321"}],"wp:featuredmedia":[{"embeddable":true,"href":"https:\/\/www.sibuscascoche.com\/noticias\/wp-json\/wp\/v2\/media\/14273"}],"wp:attachment":[{"href":"https:\/\/www.sibuscascoche.com\/noticias\/wp-json\/wp\/v2\/media?parent=14271"}],"wp:term":[{"taxonomy":"category","embeddable":true,"href":"https:\/\/www.sibuscascoche.com\/noticias\/wp-json\/wp\/v2\/categories?post=14271"},{"taxonomy":"post_tag","embeddable":true,"href":"https:\/\/www.sibuscascoche.com\/noticias\/wp-json\/wp\/v2\/tags?post=14271"}],"curies":[{"name":"wp","href":"https:\/\/api.w.org\/{rel}","templated":true}]}}