{"id":14197,"date":"2019-04-09T15:57:13","date_gmt":"2019-04-09T13:57:13","guid":{"rendered":"https:\/\/www.sibuscascoche.com\/noticias\/?p=14197"},"modified":"2019-04-09T15:57:13","modified_gmt":"2019-04-09T13:57:13","slug":"skoda-kamiq-2019-galicia","status":"publish","type":"post","link":"https:\/\/www.sibuscascoche.com\/noticias\/2019\/skoda-kamiq-2019-galicia\/","title":{"rendered":"Skoda Kamiq 2019, el SUV que mejor te encajar\u00e1"},"content":{"rendered":"<p style=\"text-align: justify;\">La marca checa acaba de presentar en el Sal\u00f3n del Autom\u00f3vil de Ginebra su nuevo SUV compacto, el Skoda Kamiq, completando as\u00ed su ofensiva en todocaminos junto con el Kodiaq y el Karoq. Un veh\u00edculo para familias aventureras, con un dise\u00f1o juvenil, gran conectividad y multitud de ayudas a la conducci\u00f3n. En el siguiente art\u00edculo te contamos algunas de sus caracter\u00edsticas pero muy pronto estar\u00e1 disponible en <strong>Skoda Galicia<\/strong>.<\/p>\n<h5 style=\"text-align: justify;\">Dise\u00f1o fresco y din\u00e1mico<\/h5>\n<p style=\"text-align: justify;\">Con este veh\u00edculo Skoda ha querido renovarse e introducir nuevos detalles a su caracter\u00edstica est\u00e9tica. En su apariencia exterior encontramos unos nuevos faros delanteros divididos, es decir: los faros y por encima las luces de conducci\u00f3n diurnas. Tambi\u00e9n\u00a0 intermitentes din\u00e1micos delanteros y traseros, una parrilla m\u00e1s elevada y por primera vez en un coche de su gama, la marca aparece recorriendo en horizontal la parte central del port\u00f3n trasero. En cuanto a su maletero, se a\u00f1aden unas redes que ayudan a aprovechar todo el espacio.<\/p>\n<p style=\"text-align: justify;\"><img loading=\"lazy\" decoding=\"async\" class=\"alignright size-full wp-image-14200\" alt=\"skoda kamiq 2019, skoda galicia\" src=\"https:\/\/www.sibuscascoche.com\/noticias\/wp-content\/uploads\/2019\/03\/skoda-kamiq-2019-interior.jpg\" width=\"300\" height=\"200\" \/>En su dise\u00f1o interior se corrobora un lavado de cara que adelanta la nueva era de Skoda. Destaca sobre todo la est\u00e9tica ergon\u00f3mica y moderna. La pantalla independiente del salpicadero es una de las m\u00e1s grandes del mercado, ya que puede llegar a las 9,2 pulgadas, y tiene una posici\u00f3n perfecta, a la altura del campo de visi\u00f3n del conductor.<\/p>\n<h5 style=\"text-align: justify;\">Un todocaminos seguro y conectado<\/h5>\n<p style=\"text-align: justify;\">Otro aspecto a destacar del nuevo modelo de la marca sueca son las numerosas ayudas a la conducci\u00f3n que incorpora. Entre ellas podemos destacar el asistente de carril, el control de crucero, reconocimiento lateral y de aparcamiento. En cuanto a conectividad lo m\u00e1s relevante es el navegador Waze incluido, control por voz o punto wifi y que realiza todas las actualizaciones en la nube.<\/p>\n<h5 style=\"text-align: justify;\">Gran variedad mec\u00e1nica<\/h5>\n<p style=\"text-align: justify;\">El Skoda Kamiq est\u00e1 disponible en cinco variedades de motor. La oferta en gasolina ofrece un 1.0 TSI de 95 y 115 CV y un 1.5 TSI EVO con 150 CV. En di\u00e9sel encontramos un 1.6 TDI de 115 CV. A finales de a\u00f1o se espera contar tambi\u00e9n con un 1.0 G-Tec a gasolina y gas natural (CNG) con 90 CV. Todos los motores tendr\u00e1n una inyecci\u00f3n directa con turbo, sistema Stop\/Start y filtros de part\u00edculas.<\/p>\n<p style=\"text-align: justify;\">Un SUV muy completo, amplio, seguro y perfecto para mover a toda la familia por la ciudad. Muy pronto estar\u00e1 disponible en <strong>Skoda Galicia<\/strong>.<\/p>\n","protected":false},"excerpt":{"rendered":"<p>La marca checa acaba de presentar en el Sal\u00f3n del Autom\u00f3vil de Ginebra su nuevo SUV compacto, el Skoda Kamiq, completando as\u00ed su ofensiva en todocaminos junto con el Kodiaq<\/p>\n","protected":false},"author":6,"featured_media":14199,"comment_status":"closed","ping_status":"open","sticky":false,"template":"","format":"standard","meta":{"footnotes":""},"categories":[1,8],"tags":[1346,1399],"class_list":["post-14197","post","type-post","status-publish","format-standard","has-post-thumbnail","hentry","category-actualidad","category-lanzamientos","tag-skoda-galicia","tag-skoda-kamiq-2019"],"_links":{"self":[{"href":"https:\/\/www.sibuscascoche.com\/noticias\/wp-json\/wp\/v2\/posts\/14197","targetHints":{"allow":["GET"]}}],"collection":[{"href":"https:\/\/www.sibuscascoche.com\/noticias\/wp-json\/wp\/v2\/posts"}],"about":[{"href":"https:\/\/www.sibuscascoche.com\/noticias\/wp-json\/wp\/v2\/types\/post"}],"author":[{"embeddable":true,"href":"https:\/\/www.sibuscascoche.com\/noticias\/wp-json\/wp\/v2\/users\/6"}],"replies":[{"embeddable":true,"href":"https:\/\/www.sibuscascoche.com\/noticias\/wp-json\/wp\/v2\/comments?post=14197"}],"version-history":[{"count":4,"href":"https:\/\/www.sibuscascoche.com\/noticias\/wp-json\/wp\/v2\/posts\/14197\/revisions"}],"predecessor-version":[{"id":14255,"href":"https:\/\/www.sibuscascoche.com\/noticias\/wp-json\/wp\/v2\/posts\/14197\/revisions\/14255"}],"wp:featuredmedia":[{"embeddable":true,"href":"https:\/\/www.sibuscascoche.com\/noticias\/wp-json\/wp\/v2\/media\/14199"}],"wp:attachment":[{"href":"https:\/\/www.sibuscascoche.com\/noticias\/wp-json\/wp\/v2\/media?parent=14197"}],"wp:term":[{"taxonomy":"category","embeddable":true,"href":"https:\/\/www.sibuscascoche.com\/noticias\/wp-json\/wp\/v2\/categories?post=14197"},{"taxonomy":"post_tag","embeddable":true,"href":"https:\/\/www.sibuscascoche.com\/noticias\/wp-json\/wp\/v2\/tags?post=14197"}],"curies":[{"name":"wp","href":"https:\/\/api.w.org\/{rel}","templated":true}]}}