{"id":1418,"date":"2014-02-12T17:23:18","date_gmt":"2014-02-12T16:23:18","guid":{"rendered":"https:\/\/www.sibuscascoche.com\/noticias\/?p=1418"},"modified":"2014-02-12T17:37:29","modified_gmt":"2014-02-12T16:37:29","slug":"audi-a3-cabrio-deportividad-y-elegancia-extrema","status":"publish","type":"post","link":"https:\/\/www.sibuscascoche.com\/noticias\/2014\/audi-a3-cabrio-deportividad-y-elegancia-extrema\/","title":{"rendered":"Audi A3 Cabrio, deportividad y elegancia extrema"},"content":{"rendered":"<p style=\"text-align: justify;\">Imagen desafiante, deportiva, seductora y vers\u00e1til. \u00bfSe puede pedir m\u00e1s? El nuevo Audi A3 Cabrio pasa a formar parte de la familia A3.<\/p>\n<p style=\"text-align: justify;\">En el <b>exterior<\/b>, el nuevo Cabrio crece y pasa de los 4,24 m de longitud a 4,42 m, algo l\u00f3gico debido a su nuevo voladizo trasero. Tambi\u00e9n aumenta su anchura, pasando a 1,70 m y del mismo modo su distancia entre ejes, con 2,60 m. Lo que ha sufrido una reducci\u00f3n es su altura, con 15 mm menos mide ahora 1,41m y tambi\u00e9n su peso, ya que es 60 Kg m\u00e1s ligero, con 1.345 Kg en total, gracias a la plataforma MQB, a su cap\u00f3 de aluminio y la capota que cuenta con solo 50 Kg.<\/p>\n<p style=\"text-align: justify;\">El marco del parabrisas est\u00e1 fabricado en aluminio y la moldura decorativa rodea todo el contorno del coche. Pero sin duda, la capota es la protagonista del exterior del nuevo Cabrio: ligera estructura de magnesio y acero e integrada a la perfecci\u00f3n en el dise\u00f1o. Con presionar una simple tecla, la capota se abre y se cierra de forma electrohidr\u00e1ulica en apenas 18 segundos.<\/p>\n<p><img loading=\"lazy\" decoding=\"async\" class=\"alignright size-full wp-image-1423\" alt=\"audi a3 cabrio, coche ocasi\u00f3n\" src=\"https:\/\/www.sibuscascoche.com\/noticias\/wp-content\/uploads\/2014\/02\/audi-A3-cabrio-km0.jpg\" width=\"300\" height=\"200\" \/><\/p>\n<p style=\"text-align: justify;\">En el<b> interior<\/b> encontramos un trazado elegante y superficies claras, con un tablero de instrucciones esbelto y bajo con un frontal arqueado y consola central inclinada hacia el conductor. Protagonistas tambi\u00e9n son los grandes difusores de aire redondos en dise\u00f1o jet, el panel de mandos del climatizador autom\u00e1tico y las molduras decorativas en dise\u00f1o tridimensional.<\/p>\n<p style=\"text-align: justify;\">Tal y como demuestra la marca de los cuatro aros habitualmente, la calidad es extremadamente elevada y el manejo intuitivo y sencillo para el conductor. El espacio es amplio, con respaldos abatibles, ofreciendo una apertura de carga muy ancha con un maletero de hasta 680 litros. Las l\u00edneas de equipamiento disponibles son <b>Attraction<\/b>, <b>Ambition<\/b> y <b>Ambiente<\/b>.<\/p>\n<p style=\"text-align: justify;\">La parte <b>mec\u00e1nica<\/b> del nuevo Cabrio se caracteriza por tres motorizaciones: 1.4 TFSI gasolina de 140 CV y el 1.8 m\u00e1s potente con 180 CV. En lo que respecta a diesel, de momento solo estar\u00e1 disponible el 2.0 TDI con 150 CV y 340 NM. Todas las versiones pasan la regulaci\u00f3n de emisiones Euro6 y bajan las cifras de contaminaci\u00f3n un 12% respecto a las anteriores. Del mismo modo, se reduce el consumo en un 13% y m\u00e1s adelante, se lanzar\u00e1n nuevos motores que ir\u00e1n desde el 1.6 TDI con 110 CV hasta el 2.0 TFSI que ofrecer\u00e1 al A3 Cabrio una potencia de 300 CV. Todos los motores combinan tecnolog\u00eda de inyecci\u00f3n directa, la turbosobrealimentaci\u00f3n y el sistema start-stop.<\/p>\n<p style=\"text-align: justify;\">En lo que respecta a la caja de cambios, estar\u00e1 disponible la manual de seis velocidades para las variantes 1.4 TFSI de 140 CV y 2.0 TDI de 150 CV mientras que el sistema S tronic de siete velocidades queda reservado para 1.8 TFSI de 180 CV.\u00a0El nuevo A3 Cabrio, no te dejar\u00e1 indiferente.<\/p>\n<p style=\"text-align: justify;\"><div class=\"photo-gallery-shortcode\"><a href=\"#\" class=\"gallery-navi-left\">&nbsp;<\/a><a href=\"#\" class=\"gallery-navi-right\">&nbsp;<\/a><ul><li class=\"active\"><img loading=\"lazy\" decoding=\"async\" src=\"https:\/\/www.sibuscascoche.com\/noticias\/wp-content\/uploads\/2014\/02\/comprar-audi-a3-cabrio-660x394.jpg\" class=\"setborder\" width=\"660\" height=\"394\" alt=\"Audi A3 Cabrio\" title=\"Audi A3 Cabrio\" \/><\/li><li class=\"active\"><img loading=\"lazy\" decoding=\"async\" src=\"https:\/\/www.sibuscascoche.com\/noticias\/wp-content\/uploads\/2014\/02\/audi-ocasion-660x394.jpg\" class=\"setborder\" width=\"660\" height=\"394\" alt=\"Audi A3 Cabrio\" title=\"Audi A3 Cabrio\" \/><\/li><li class=\"active\"><img loading=\"lazy\" decoding=\"async\" src=\"https:\/\/www.sibuscascoche.com\/noticias\/wp-content\/uploads\/2014\/02\/audi-km0-660x394.jpg\" class=\"setborder\" width=\"660\" height=\"394\" alt=\"Audi A3 Cabrio\" title=\"Audi A3 Cabrio\" \/><\/li><li class=\"active\"><img loading=\"lazy\" decoding=\"async\" src=\"https:\/\/www.sibuscascoche.com\/noticias\/wp-content\/uploads\/2014\/02\/audi-a3-cabrio-coche-ocasion-660x394.jpg\" class=\"setborder\" width=\"660\" height=\"394\" alt=\"Audi A3 Cabrio\" title=\"Audi A3 Cabrio\" \/><\/li><li class=\"active\"><img loading=\"lazy\" decoding=\"async\" src=\"https:\/\/www.sibuscascoche.com\/noticias\/wp-content\/uploads\/2014\/02\/Audi-A3Cabrio-660x394.jpg\" class=\"setborder\" width=\"660\" height=\"394\" alt=\"Audi A3 Cabrio\" title=\"Audi A3 Cabrio\" \/><\/li><li class=\"active\"><img loading=\"lazy\" decoding=\"async\" src=\"https:\/\/www.sibuscascoche.com\/noticias\/wp-content\/uploads\/2014\/02\/AudiA3Cabrio-km0-660x394.jpg\" class=\"setborder\" width=\"660\" height=\"394\" alt=\"Audi A3 Cabrio\" title=\"Audi A3 Cabrio\" \/><\/li><\/ul><h4><a href=\"https:\/\/www.sibuscascoche.com\/noticias\/gallery\/audi-a3-cabrio\" class=\"font-replace\">Audi A3 Cabrio<span class=\"photos-in-it\">7 Fotos:<\/span><\/a><\/h4><\/div>\n","protected":false},"excerpt":{"rendered":"<p>Imagen desafiante, deportiva, seductora y vers\u00e1til. \u00bfSe puede pedir m\u00e1s? El nuevo Audi A3 Cabrio pasa a formar parte de la familia A3. En el exterior, el nuevo Cabrio crece<\/p>\n","protected":false},"author":1,"featured_media":1422,"comment_status":"closed","ping_status":"open","sticky":false,"template":"","format":"standard","meta":{"footnotes":""},"categories":[8],"tags":[18,147],"class_list":["post-1418","post","type-post","status-publish","format-standard","has-post-thumbnail","hentry","category-lanzamientos","tag-audi","tag-cabrio"],"_links":{"self":[{"href":"https:\/\/www.sibuscascoche.com\/noticias\/wp-json\/wp\/v2\/posts\/1418","targetHints":{"allow":["GET"]}}],"collection":[{"href":"https:\/\/www.sibuscascoche.com\/noticias\/wp-json\/wp\/v2\/posts"}],"about":[{"href":"https:\/\/www.sibuscascoche.com\/noticias\/wp-json\/wp\/v2\/types\/post"}],"author":[{"embeddable":true,"href":"https:\/\/www.sibuscascoche.com\/noticias\/wp-json\/wp\/v2\/users\/1"}],"replies":[{"embeddable":true,"href":"https:\/\/www.sibuscascoche.com\/noticias\/wp-json\/wp\/v2\/comments?post=1418"}],"version-history":[{"count":7,"href":"https:\/\/www.sibuscascoche.com\/noticias\/wp-json\/wp\/v2\/posts\/1418\/revisions"}],"predecessor-version":[{"id":1437,"href":"https:\/\/www.sibuscascoche.com\/noticias\/wp-json\/wp\/v2\/posts\/1418\/revisions\/1437"}],"wp:featuredmedia":[{"embeddable":true,"href":"https:\/\/www.sibuscascoche.com\/noticias\/wp-json\/wp\/v2\/media\/1422"}],"wp:attachment":[{"href":"https:\/\/www.sibuscascoche.com\/noticias\/wp-json\/wp\/v2\/media?parent=1418"}],"wp:term":[{"taxonomy":"category","embeddable":true,"href":"https:\/\/www.sibuscascoche.com\/noticias\/wp-json\/wp\/v2\/categories?post=1418"},{"taxonomy":"post_tag","embeddable":true,"href":"https:\/\/www.sibuscascoche.com\/noticias\/wp-json\/wp\/v2\/tags?post=1418"}],"curies":[{"name":"wp","href":"https:\/\/api.w.org\/{rel}","templated":true}]}}