{"id":14175,"date":"2019-03-22T13:00:22","date_gmt":"2019-03-22T12:00:22","guid":{"rendered":"https:\/\/www.sibuscascoche.com\/noticias\/?p=14175"},"modified":"2019-03-22T13:00:22","modified_gmt":"2019-03-22T12:00:22","slug":"salon-automovil-ginebra-concesionario-galicia","status":"publish","type":"post","link":"https:\/\/www.sibuscascoche.com\/noticias\/2019\/salon-automovil-ginebra-concesionario-galicia\/","title":{"rendered":"Grandes exclusivas salieron a la luz en el Sal\u00f3n del Autom\u00f3vil de Ginebra"},"content":{"rendered":"<p style=\"text-align: justify;\">Recientemente ha tenido lugar el 89\u00ba Sal\u00f3n Internacional del Autom\u00f3vil de Ginebra, una fecha que todas las marcas guardan en el calendario y reservan para ense\u00f1ar sus joyas mejor guardadas. Este evento tiene gran repercusi\u00f3n en el mercado automovil\u00edstico europeo, ya que en \u00e9l se muestran los modelos que saldr\u00e1n a la luz en los pr\u00f3ximos meses y se conocen todas las innovaciones y progresos en el campo. Todo el que quiera conocer las tendencias tiene que acudir y empaparse, ya que la mayor\u00eda de fabricantes est\u00e1n presentes. Este a\u00f1o hemos podido ver muchas novedades que muy pronto estar\u00e1n disponibles en tu <strong>Concesionario Galicia<\/strong> y aqu\u00ed te dejamos un peque\u00f1o resumen.<\/p>\n<h5 style=\"text-align: justify;\">Grandes sorpresas en Audi<\/h5>\n<p style=\"text-align: justify;\"><img loading=\"lazy\" decoding=\"async\" class=\"alignright size-full wp-image-14178\" alt=\"salon automovil ginebra, concesionario galicia\" src=\"https:\/\/www.sibuscascoche.com\/noticias\/wp-content\/uploads\/2019\/03\/audi-salon-ginebra-2019.jpg\" width=\"300\" height=\"200\" \/>En este evento Audi present\u00f3 el nuevo <strong>Audi TT RS 2019<\/strong>, del que hemos hablado recientemente y que aunque solo encontramos cambios en su dise\u00f1o, sigue siendo el m\u00e1s potente de la marca de los cuatro aros. Una gran novedad de la firma fue el <strong>Audi Q4 e-tron Concept<\/strong>, del que solo pudimos ver un prototipo y se producir\u00e1 a finales de 2020 o principios del 2021. Por otro lado, se pudieron ver las variantes m\u00e1s eficientes de Audi, el <strong>Q5, A6, A7 y A8 PHEV<\/strong>, todos con total autonom\u00eda en modo 100% el\u00e9ctrico.<\/p>\n<h5 style=\"text-align: justify;\">BMW nunca defrauda<\/h5>\n<p style=\"text-align: justify;\">BMW tambi\u00e9n mostr\u00f3 algunas de sus joyas como el<strong> BMW X3 M<\/strong>, la versi\u00f3n m\u00e1s potente del nuevo X3, que ofrecer\u00e1 una potencia de 480 CV. Tambi\u00e9n pudimos ver un modelo h\u00edbrido del <strong>BMW X5<\/strong>, el xDrive45e iPerformance 2019. Todas las marcas apostaron por la movilidad eficiente con modelos mucho m\u00e1s ecol\u00f3gicas. BMW lo hizo con el <strong>BMW 330e<\/strong>. Entre muchos otras novedades hay que destacar el restyling del <strong>BMW Serie 7<\/strong>, con un gran equipamiento y asistentes a la conducci\u00f3n.<\/p>\n<h5 style=\"text-align: justify;\">Avances tecnol\u00f3gicos en Skoda<\/h5>\n<p style=\"text-align: justify;\">La marca checa ha presentado su primer prototipo el\u00e9ctrico, el <strong>Skoda Vision iV Concept<\/strong>, con un dise\u00f1o coup\u00e9 que marca un cambio de lenguaje en Skoda. Entre los modelos que ha presentado destaca el <strong>Skoda Kamiq<\/strong>, con la pantalla t\u00e1ctil m\u00e1s grande del segmento y numerosos elementos tecnol\u00f3gicos. El <strong>Skoda Scala<\/strong> es el nuevo compacto que apuesta por la seguridad y el espacio.<\/p>\n<p style=\"text-align: justify;\">Aqu\u00ed os dejamos unas peque\u00f1as pinceladas de lo que est\u00e1n cocinando las marcas de autom\u00f3viles a nivel internacional. En los pr\u00f3ximos meses podremos ir conociendo m\u00e1s en profundidad cada modelo y aqu\u00ed te contaremos todos los detalles. Muy pronto todos los modelos estar\u00e1n disponibles en tu <strong>Concesionario Galicia<\/strong>.<\/p>\n","protected":false},"excerpt":{"rendered":"<p>Recientemente ha tenido lugar el 89\u00ba Sal\u00f3n Internacional del Autom\u00f3vil de Ginebra, una fecha que todas las marcas guardan en el calendario y reservan para ense\u00f1ar sus joyas mejor guardadas.<\/p>\n","protected":false},"author":6,"featured_media":14177,"comment_status":"closed","ping_status":"open","sticky":false,"template":"","format":"standard","meta":{"footnotes":""},"categories":[1],"tags":[1289,169],"class_list":["post-14175","post","type-post","status-publish","format-standard","has-post-thumbnail","hentry","category-actualidad","tag-concesionario-galicia","tag-salon-automovil-ginebra"],"_links":{"self":[{"href":"https:\/\/www.sibuscascoche.com\/noticias\/wp-json\/wp\/v2\/posts\/14175","targetHints":{"allow":["GET"]}}],"collection":[{"href":"https:\/\/www.sibuscascoche.com\/noticias\/wp-json\/wp\/v2\/posts"}],"about":[{"href":"https:\/\/www.sibuscascoche.com\/noticias\/wp-json\/wp\/v2\/types\/post"}],"author":[{"embeddable":true,"href":"https:\/\/www.sibuscascoche.com\/noticias\/wp-json\/wp\/v2\/users\/6"}],"replies":[{"embeddable":true,"href":"https:\/\/www.sibuscascoche.com\/noticias\/wp-json\/wp\/v2\/comments?post=14175"}],"version-history":[{"count":3,"href":"https:\/\/www.sibuscascoche.com\/noticias\/wp-json\/wp\/v2\/posts\/14175\/revisions"}],"predecessor-version":[{"id":14181,"href":"https:\/\/www.sibuscascoche.com\/noticias\/wp-json\/wp\/v2\/posts\/14175\/revisions\/14181"}],"wp:featuredmedia":[{"embeddable":true,"href":"https:\/\/www.sibuscascoche.com\/noticias\/wp-json\/wp\/v2\/media\/14177"}],"wp:attachment":[{"href":"https:\/\/www.sibuscascoche.com\/noticias\/wp-json\/wp\/v2\/media?parent=14175"}],"wp:term":[{"taxonomy":"category","embeddable":true,"href":"https:\/\/www.sibuscascoche.com\/noticias\/wp-json\/wp\/v2\/categories?post=14175"},{"taxonomy":"post_tag","embeddable":true,"href":"https:\/\/www.sibuscascoche.com\/noticias\/wp-json\/wp\/v2\/tags?post=14175"}],"curies":[{"name":"wp","href":"https:\/\/api.w.org\/{rel}","templated":true}]}}