{"id":14155,"date":"2019-03-22T14:09:29","date_gmt":"2019-03-22T13:09:29","guid":{"rendered":"https:\/\/www.sibuscascoche.com\/noticias\/?p=14155"},"modified":"2019-03-22T14:09:36","modified_gmt":"2019-03-22T13:09:36","slug":"peugeot-208-2019-galicia","status":"publish","type":"post","link":"https:\/\/www.sibuscascoche.com\/noticias\/2019\/peugeot-208-2019-galicia\/","title":{"rendered":"Peugeot 208 2019, detalles y prestaciones"},"content":{"rendered":"<p style=\"text-align: justify\">La marca francesa ha presentado la nueva versi\u00f3n del 208, una transformaci\u00f3n radical, con un dise\u00f1o innovador y una versi\u00f3n totalmente el\u00e9ctrica. Aqu\u00ed te dejamos algunos detalles y muy pronto podr\u00e1s reservar el tuyo en <strong>Peugeot Galicia<\/strong>.<\/p>\n<h5 style=\"text-align: justify\">Cambios est\u00e9ticos<\/h5>\n<p style=\"text-align: justify\"><img loading=\"lazy\" decoding=\"async\" class=\"alignright size-full wp-image-14157\" alt=\"peugeot 208, peugeot galicia, peugeot e-208\" src=\"https:\/\/www.sibuscascoche.com\/noticias\/wp-content\/uploads\/2019\/03\/peugeot-208-2019-interior.jpg\" width=\"300\" height=\"200\" \/><\/a>La nueva versi\u00f3n del urbano es m\u00e1s larga y un poco m\u00e1s baja y est\u00e1 construida sobre la nueva plataforma del Grupo PSA, la plataforma modular CMP. Este nuevo sistema permite reducir el peso en 30 kilos, por lo que se aumenta el confort a bordo (menos ruido y mayores ayudas a la conducci\u00f3n) y la aerodin\u00e1mica.<\/p>\n<p style=\"text-align: justify\">El nuevo Peugeot 208 tiene una est\u00e9tica mucho m\u00e1s deportiva y agresiva.\u00a0El principal cambio en el dise\u00f1o lo encontramos en una silueta m\u00e1s afilada que recuerda a un le\u00f3n, con unos grupos \u00f3pticos delanteros que se unen con los traseros y simulan sus garras.<\/p>\n<p style=\"text-align: justify\">La variante el\u00e9ctrica, Peugeot e-208, llevar\u00e1 la parrilla pintada en el mismo color de la carrocer\u00eda y los anagramas e, la toma de recarga y unas llantas m\u00e1s aerodin\u00e1micas y ligeras. Por otro lado, solo estar\u00e1 disponible en la versi\u00f3n GT y el detalle del logo cambiar\u00e1 de color seg\u00fan el \u00e1ngulo de visi\u00f3n.<\/p>\n<p style=\"text-align: justify\">En el interior se mejora la calidad de los materiales y se acerca a la est\u00e9tica del 3008 o 508. Tambi\u00e9n encontramos un volante m\u00e1s peque\u00f1o y la pantalla multifunci\u00f3n. El concepto de i-cockpit evoluciona en este modelo ya que la informaci\u00f3n se presentar\u00e1 en dos planos, el tradicional y uno m\u00e1s cercano que se ver\u00e1 como un holograma.<\/p>\n<h5 style=\"text-align: justify\">Completamente equipado y conectado<\/h5>\n<p style=\"text-align: justify\">Esta versi\u00f3n contar\u00e1 con las m\u00e1s recientes ayudas a la conducci\u00f3n como el control de crucero adaptativo, mantenimiento en el carril, control de parada y arranque y alerta por cansancio, entre muchos otros.<\/p>\n<p style=\"text-align: justify\">En cuanto a conectividad el 208 ser\u00e1 compatible con los protocolos Mirror Link, Apple CarPlay y Android Auto, adem\u00e1s de ofrecer un ingenioso sistema de carga inal\u00e1mbrica.<\/p>\n<h5 style=\"text-align: justify\">Versi\u00f3n 100% el\u00e9ctrica<\/h5>\n<p style=\"text-align: justify\">Aunque tambi\u00e9n estar\u00e1 disponible en versi\u00f3n gasolina de tres cilindros y 1,2 litros con potencias de 75, 100 o 130 caballos y di\u00e9sel de cuatro cilindros y 1,5litros con potencia de 100 caballos, la gran revoluci\u00f3n es la versi\u00f3n el\u00e9ctrica. El e-208 tiene un motor de 100 kW y se podr\u00e1n escoger tres modos de uso, eco, con prioridad a la autonom\u00eda, Normal y Sport. Tendr\u00e1 una autonom\u00eda de 340 kil\u00f3metros y un sistema de regeneraci\u00f3n de energ\u00eda.<\/p>\n<p style=\"text-align: justify\">Peugeot ha apostado fuerte por esta renovaci\u00f3n y se une a la gama premium de los el\u00e9ctricos. Muy pronto podr\u00e1s reservar el tuyo en <strong>Peugeot Galicia<\/strong>.<\/p>\n<p style=\"text-align: justify\">\n","protected":false},"excerpt":{"rendered":"<p>La marca francesa ha presentado la nueva versi\u00f3n del 208, una transformaci\u00f3n radical, con un dise\u00f1o innovador y una versi\u00f3n totalmente el\u00e9ctrica. Aqu\u00ed te dejamos algunos detalles y muy pronto<\/p>\n","protected":false},"author":6,"featured_media":14158,"comment_status":"closed","ping_status":"open","sticky":false,"template":"","format":"standard","meta":{"footnotes":""},"categories":[8],"tags":[1396,1395],"class_list":["post-14155","post","type-post","status-publish","format-standard","has-post-thumbnail","hentry","category-lanzamientos","tag-peugeot-e-208","tag-peugeot-galicia"],"_links":{"self":[{"href":"https:\/\/www.sibuscascoche.com\/noticias\/wp-json\/wp\/v2\/posts\/14155","targetHints":{"allow":["GET"]}}],"collection":[{"href":"https:\/\/www.sibuscascoche.com\/noticias\/wp-json\/wp\/v2\/posts"}],"about":[{"href":"https:\/\/www.sibuscascoche.com\/noticias\/wp-json\/wp\/v2\/types\/post"}],"author":[{"embeddable":true,"href":"https:\/\/www.sibuscascoche.com\/noticias\/wp-json\/wp\/v2\/users\/6"}],"replies":[{"embeddable":true,"href":"https:\/\/www.sibuscascoche.com\/noticias\/wp-json\/wp\/v2\/comments?post=14155"}],"version-history":[{"count":3,"href":"https:\/\/www.sibuscascoche.com\/noticias\/wp-json\/wp\/v2\/posts\/14155\/revisions"}],"predecessor-version":[{"id":14189,"href":"https:\/\/www.sibuscascoche.com\/noticias\/wp-json\/wp\/v2\/posts\/14155\/revisions\/14189"}],"wp:featuredmedia":[{"embeddable":true,"href":"https:\/\/www.sibuscascoche.com\/noticias\/wp-json\/wp\/v2\/media\/14158"}],"wp:attachment":[{"href":"https:\/\/www.sibuscascoche.com\/noticias\/wp-json\/wp\/v2\/media?parent=14155"}],"wp:term":[{"taxonomy":"category","embeddable":true,"href":"https:\/\/www.sibuscascoche.com\/noticias\/wp-json\/wp\/v2\/categories?post=14155"},{"taxonomy":"post_tag","embeddable":true,"href":"https:\/\/www.sibuscascoche.com\/noticias\/wp-json\/wp\/v2\/tags?post=14155"}],"curies":[{"name":"wp","href":"https:\/\/api.w.org\/{rel}","templated":true}]}}