{"id":14065,"date":"2019-02-28T17:36:08","date_gmt":"2019-02-28T16:36:08","guid":{"rendered":"https:\/\/www.sibuscascoche.com\/noticias\/?p=14065"},"modified":"2019-02-28T17:36:08","modified_gmt":"2019-02-28T16:36:08","slug":"opel-zafira-life-2019-opel-galicia","status":"publish","type":"post","link":"https:\/\/www.sibuscascoche.com\/noticias\/2019\/opel-zafira-life-2019-opel-galicia\/","title":{"rendered":"Opel Zafira Life, la cuarta generaci\u00f3n de un cl\u00e1sico"},"content":{"rendered":"<p style=\"text-align: justify;\">El nuevo Opel Zafira Life reinventa a su antecesor tras dos d\u00e9cadas de avances tecnol\u00f3gicos. Este nuevo modelo gana en espacio e incluye un equipamiento completo y numerosas ayudas a la conducci\u00f3n. Aqu\u00ed te contamos algunos de sus detalles y muy pronto podr\u00e1s reservar el tuyo en <strong>Opel Galicia<\/strong>.<\/p>\n<h5 style=\"text-align: justify;\">Nueva est\u00e9tica<\/h5>\n<p style=\"text-align: justify;\">Este nuevo modelo cambia el dise\u00f1o del Opel Zafira cl\u00e1sico, un monovolumen convencional, y se equipara a una furgoneta, siendo m\u00e1s cuadrado y alto. A pesar de ser m\u00e1s amplio, no llama la atenci\u00f3n y mantiene su presencia al no medir m\u00e1s de 1.900 mm de altura.<\/p>\n<p style=\"text-align: justify;\"><img loading=\"lazy\" decoding=\"async\" class=\"alignright size-full wp-image-14068\" alt=\"opel zafira life, opel galicia\" src=\"https:\/\/www.sibuscascoche.com\/noticias\/wp-content\/uploads\/2019\/02\/opel-zafira-life-2019-interior.jpg\" width=\"300\" height=\"200\" \/>El Opel Zafira est\u00e1 disponible con tres tama\u00f1os diferentes. El tama\u00f1o S, mide 4.600 mm de largo, un poco m\u00e1s corto que el modelo tradicional. En esta variante encontramos la posibilidad de contar con hasta 9 asientos. Por otro lado, incluye el novedoso sistema de apertura autom\u00e1tico para las puertas laterales correderas, que se activa simplemente con un sensor de movimiento. En el caso del tama\u00f1o M y L los dos tienen la misma longitud, 5.300 mm. En todos los modelos los asientos van montados sobre rieles, lo que permite una gran versatilidad del espacio interior del veh\u00edculo. Con ellos abatidos conseguimos un volumen de carga de hasta 3.397 litros.<\/p>\n<p style=\"text-align: justify;\">Adem\u00e1s de las variantes de tama\u00f1o, Opel ha sacado un nuevo acabado, el \u00abLounge\u00bb. En este caso encontramos detalles m\u00e1s exclusivos como asientos individuales de cuero y calefactados y asientos traseros giratorios.<\/p>\n<h5 style=\"text-align: justify;\">Equipamiento completo<\/h5>\n<p style=\"text-align: justify;\">El nuevo Opel Zafira Life destaca por el equipamiento m\u00e1s completo en coches de esta gama. Cuenta con sensores de radar, c\u00e1mara trasera, pantalla t\u00e1ctil de siete pulgadas, servicio telem\u00e1tico Opel Connect, navegaci\u00f3n 3D y otros muchos asistentes a la conducci\u00f3n.<\/p>\n<h5 style=\"text-align: justify;\">Nueva mec\u00e1nica<\/h5>\n<p style=\"text-align: justify;\">Poco sabemos de su motor, \u00fanicamente que estar\u00e1 disponible en versiones 4&#215;2 con sistema IntelliGrip y en versiones con tracci\u00f3n integral. Tambi\u00e9n se ha confirmado que sobre el 2021 saldr\u00e1 una versi\u00f3n 100% el\u00e9ctrica.<\/p>\n<p style=\"text-align: justify;\">Un monovolumen amplio, seguro, con el equipamiento m\u00e1s completo y con un dise\u00f1o urbano, perfecto para ciudad o para perderse fuera de ella. Su presentaci\u00f3n oficial se realizar\u00e1 en el pr\u00f3ximo Sal\u00f3n de Bruselas y muy pronto podr\u00e1s conseguir el tuyo en <strong>Opel Galicia<\/strong>.<\/p>\n","protected":false},"excerpt":{"rendered":"<p>El nuevo Opel Zafira Life reinventa a su antecesor tras dos d\u00e9cadas de avances tecnol\u00f3gicos. Este nuevo modelo gana en espacio e incluye un equipamiento completo y numerosas ayudas a<\/p>\n","protected":false},"author":6,"featured_media":14067,"comment_status":"closed","ping_status":"open","sticky":false,"template":"","format":"standard","meta":{"footnotes":""},"categories":[8],"tags":[1385,1384],"class_list":["post-14065","post","type-post","status-publish","format-standard","has-post-thumbnail","hentry","category-lanzamientos","tag-opel-galicia","tag-opel-zafira-life-2019"],"_links":{"self":[{"href":"https:\/\/www.sibuscascoche.com\/noticias\/wp-json\/wp\/v2\/posts\/14065","targetHints":{"allow":["GET"]}}],"collection":[{"href":"https:\/\/www.sibuscascoche.com\/noticias\/wp-json\/wp\/v2\/posts"}],"about":[{"href":"https:\/\/www.sibuscascoche.com\/noticias\/wp-json\/wp\/v2\/types\/post"}],"author":[{"embeddable":true,"href":"https:\/\/www.sibuscascoche.com\/noticias\/wp-json\/wp\/v2\/users\/6"}],"replies":[{"embeddable":true,"href":"https:\/\/www.sibuscascoche.com\/noticias\/wp-json\/wp\/v2\/comments?post=14065"}],"version-history":[{"count":4,"href":"https:\/\/www.sibuscascoche.com\/noticias\/wp-json\/wp\/v2\/posts\/14065\/revisions"}],"predecessor-version":[{"id":14116,"href":"https:\/\/www.sibuscascoche.com\/noticias\/wp-json\/wp\/v2\/posts\/14065\/revisions\/14116"}],"wp:featuredmedia":[{"embeddable":true,"href":"https:\/\/www.sibuscascoche.com\/noticias\/wp-json\/wp\/v2\/media\/14067"}],"wp:attachment":[{"href":"https:\/\/www.sibuscascoche.com\/noticias\/wp-json\/wp\/v2\/media?parent=14065"}],"wp:term":[{"taxonomy":"category","embeddable":true,"href":"https:\/\/www.sibuscascoche.com\/noticias\/wp-json\/wp\/v2\/categories?post=14065"},{"taxonomy":"post_tag","embeddable":true,"href":"https:\/\/www.sibuscascoche.com\/noticias\/wp-json\/wp\/v2\/tags?post=14065"}],"curies":[{"name":"wp","href":"https:\/\/api.w.org\/{rel}","templated":true}]}}