{"id":14002,"date":"2019-01-24T13:39:43","date_gmt":"2019-01-24T12:39:43","guid":{"rendered":"https:\/\/www.sibuscascoche.com\/noticias\/?p=14002"},"modified":"2019-01-24T13:39:43","modified_gmt":"2019-01-24T12:39:43","slug":"macan-2019-porsche-galicia","status":"publish","type":"post","link":"https:\/\/www.sibuscascoche.com\/noticias\/2019\/macan-2019-porsche-galicia\/","title":{"rendered":"Porsche Macan 2019, el SUV premium m\u00e1s deportivo"},"content":{"rendered":"<p style=\"text-align: justify;\">El nuevo Porsche Macan ya est\u00e1 en el mercado y lo puedes conseguir en <strong>Porsche Galicia<\/strong>. Un SUV potente, mejorado y adaptado a la \u00faltima normativa medioambiental sobre emisiones Euro 6d-Temp. Aqu\u00ed te contamos algunas de sus novedades:<\/p>\n<h5 style=\"text-align: justify;\">Cambios sutiles en el dise\u00f1o<\/h5>\n<p style=\"text-align: justify;\">Est\u00e9ticamente el nuevo Porsche Macan apenas se diferencia de su antecesor. Aparecen algunos detalles como el redise\u00f1o de las entradas de aire laterales en el frontal, desaparecen los faros antiniebla y encontramos una banda trasera de luces led tridimensionales.<\/p>\n<p style=\"text-align: justify;\"><img loading=\"lazy\" decoding=\"async\" class=\"alignright size-full wp-image-14004\" alt=\"porsche galicia, porsche macan, porsche\" src=\"https:\/\/www.sibuscascoche.com\/noticias\/wp-content\/uploads\/2019\/01\/porsche-macan-2019-interior.jpg\" width=\"300\" height=\"200\" \/>En su interior aparece una nueva pantalla t\u00e1ctil m\u00e1s grande que llega a las 10,9 pulgadas. Adem\u00e1s de mayor tama\u00f1o aumentan sus funciones de serie, ya que permite la conexi\u00f3n del tel\u00e9fono m\u00f3vil, audio y control por voz. Entre el equipamiento opcional encontramos el volante deportivo, el sistema ionizador del aire y el asistente de atascos.<\/p>\n<h5 style=\"text-align: justify;\">Grandes mejoras mec\u00e1nicas<\/h5>\n<p style=\"text-align: justify;\">El nuevo Macan cuenta con dos motores de gasolina, uno de 4 cilindros 2.0 de 245 CV y un V6 3.0 con turbocompresor, es la gran novedad. Desparecen las versiones di\u00e9sel y los nuevos motores cumplen todas las normativas medioambientales y son m\u00e1s eficientes.<\/p>\n<p style=\"text-align: justify;\">Este nuevo modelo sorprende con grandes avances en el chasis y en otros elementos del motor que permiten una conducci\u00f3n suave y sin cambios bruscos. Acelera de 0 a 100 km\/h en 6,7 segundos. Conducir este veh\u00edculo es una aut\u00e9ntica experiencia sensorial ya que tanto el ronco sonido de su salida de escape, como la direcci\u00f3n de asistencia variable o la suspensi\u00f3n neum\u00e1tica, ayudan a despertar todos los sentidos.<\/p>\n<p style=\"text-align: justify;\">En el mes de marzo podremos ver la versi\u00f3n Macan S que aporta toques m\u00e1s deportivos. Con un equipamiento Sport Chrono, permite acelerar a m\u00e1xima potencia durante 20 segundos antes de cortar la inyecci\u00f3n. Este modelo acent\u00faa las prestaciones del Macan, con una mejor respuesta y mayor potencia mec\u00e1nica. Es un poco m\u00e1s pesado, pero la transmisi\u00f3n 4&#215;4 y el cambio autom\u00e1tico lo compensan. Entre sus prestaciones destaca la posibilidad de elegir entre cuatro modos distintos de conducci\u00f3n: Comfort, Sport, Sport Plus o Individual.<\/p>\n<p style=\"text-align: justify;\">Otras mejoras que encontramos en el Macan S son la puesta apunto del sistema de tracci\u00f3n integral, que permite una mejora del chasis, los brazos de suspensi\u00f3n delantera de aluminio, que los hace m\u00e1s ligeros, los frenos y el tarado de las barras estabilizadoras.<\/p>\n<p style=\"text-align: justify;\">Ya puedes conseguir tu Porsche Macan en <strong>Porsche Galicia<\/strong> desde 66.400 euros y tendr\u00e1s que esperar a marzo para comprar la versi\u00f3n S. Un SUV premium que hace de la conducci\u00f3n un aut\u00e9ntico placer.<\/p>\n<p style=\"text-align: justify;\">\n","protected":false},"excerpt":{"rendered":"<p>El nuevo Porsche Macan ya est\u00e1 en el mercado y lo puedes conseguir en Porsche Galicia. Un SUV potente, mejorado y adaptado a la \u00faltima normativa medioambiental sobre emisiones Euro<\/p>\n","protected":false},"author":6,"featured_media":14005,"comment_status":"closed","ping_status":"open","sticky":false,"template":"","format":"standard","meta":{"footnotes":""},"categories":[1,8],"tags":[173,1374,836],"class_list":["post-14002","post","type-post","status-publish","format-standard","has-post-thumbnail","hentry","category-actualidad","category-lanzamientos","tag-porsche","tag-porsche-galicia","tag-porsche-macan"],"_links":{"self":[{"href":"https:\/\/www.sibuscascoche.com\/noticias\/wp-json\/wp\/v2\/posts\/14002","targetHints":{"allow":["GET"]}}],"collection":[{"href":"https:\/\/www.sibuscascoche.com\/noticias\/wp-json\/wp\/v2\/posts"}],"about":[{"href":"https:\/\/www.sibuscascoche.com\/noticias\/wp-json\/wp\/v2\/types\/post"}],"author":[{"embeddable":true,"href":"https:\/\/www.sibuscascoche.com\/noticias\/wp-json\/wp\/v2\/users\/6"}],"replies":[{"embeddable":true,"href":"https:\/\/www.sibuscascoche.com\/noticias\/wp-json\/wp\/v2\/comments?post=14002"}],"version-history":[{"count":3,"href":"https:\/\/www.sibuscascoche.com\/noticias\/wp-json\/wp\/v2\/posts\/14002\/revisions"}],"predecessor-version":[{"id":14025,"href":"https:\/\/www.sibuscascoche.com\/noticias\/wp-json\/wp\/v2\/posts\/14002\/revisions\/14025"}],"wp:featuredmedia":[{"embeddable":true,"href":"https:\/\/www.sibuscascoche.com\/noticias\/wp-json\/wp\/v2\/media\/14005"}],"wp:attachment":[{"href":"https:\/\/www.sibuscascoche.com\/noticias\/wp-json\/wp\/v2\/media?parent=14002"}],"wp:term":[{"taxonomy":"category","embeddable":true,"href":"https:\/\/www.sibuscascoche.com\/noticias\/wp-json\/wp\/v2\/categories?post=14002"},{"taxonomy":"post_tag","embeddable":true,"href":"https:\/\/www.sibuscascoche.com\/noticias\/wp-json\/wp\/v2\/tags?post=14002"}],"curies":[{"name":"wp","href":"https:\/\/api.w.org\/{rel}","templated":true}]}}