{"id":13996,"date":"2019-01-08T13:33:45","date_gmt":"2019-01-08T12:33:45","guid":{"rendered":"https:\/\/www.sibuscascoche.com\/noticias\/?p=13996"},"modified":"2019-01-24T13:34:15","modified_gmt":"2019-01-24T12:34:15","slug":"dakar-2019","status":"publish","type":"post","link":"https:\/\/www.sibuscascoche.com\/noticias\/2019\/dakar-2019\/","title":{"rendered":"Descubre todos los detalles del Dakar 2019"},"content":{"rendered":"<p style=\"text-align: justify;\">Este a\u00f1o el rally se disputa en Per\u00fa y dio comienzo el 7 de enero. La prueba, de 5.600 kil\u00f3metros de largo, es una de las m\u00e1s dif\u00edciles de la historia del Dakar. Entre las razones de esta dificultad se encuentran: es el primer a\u00f1o que se celebra en un \u00fanico pa\u00eds, es m\u00e1s corta que en otras ocasiones, y la mayor parte del trayecto se disputa entre dunas, un 70%.<\/p>\n<p style=\"text-align: justify;\"><img loading=\"lazy\" decoding=\"async\" class=\"alignright size-full wp-image-13998\" alt=\"dakar 2019, mini, 4x4, 4x2\" src=\"https:\/\/www.sibuscascoche.com\/noticias\/wp-content\/uploads\/2019\/01\/dakar-2019-equipo-mini.jpg\" width=\"300\" height=\"200\" \/>Cuenta con menos de 3.000 kil\u00f3metros contra el cron\u00f3metro y poco m\u00e1s de 6.500 contando los tramos de enlace. Adem\u00e1s, debido a las frecuentes lluvias torrenciales podr\u00eda acortarse o anularse. Por esta raz\u00f3n, se conducir\u00e1 entre dunas algo m\u00e1s de 2.000 kil\u00f3metros y los buggies 4&#215;2 son los coches mayoritarios, ya que cuentan con una reglamentaci\u00f3n menos restrictiva.\u00a0Aqu\u00ed te contamos algunos detalles sobre el recorrido de cada etapa:<\/p>\n<h5 style=\"text-align: justify;\">Etapa 1 &#8211; 7 de enero<\/h5>\n<p style=\"text-align: justify;\">Esta etapa transcurri\u00f3 entre Lima y Pisco y tuvo una duraci\u00f3n de 331 km. Un pr\u00f3logo que condicion\u00f3 el orden de salida de la segunda etapa.<\/p>\n<h5 style=\"text-align: justify;\">Etapa 2 &#8211; 8 de enero<\/h5>\n<p style=\"text-align: justify;\">Comenzando en Pisco y hasta San Juan de Marcona los coches tuvieron que navegar por su cuenta durante 554 km. Comenzaron a verse las estrategias individuales de cada equipo.<\/p>\n<h5 style=\"text-align: justify;\">Etapa 3 &#8211; 9 de enero<\/h5>\n<p style=\"text-align: justify;\">Con un total de 799 km, esta etapa finaliz\u00f3 en Arequipa y comenzaron a destacar algunos coches. Es una de las etapas m\u00e1s duras, ya que tuvieron que atravesar las dunas de Tanaka, las m\u00e1s dif\u00edciles del recorrido.<\/p>\n<h5 style=\"text-align: justify;\">Etapa 4 &#8211; 10 de enero<\/h5>\n<p style=\"text-align: justify;\">Los conductores tuvieron que avanzar 664 km hasta Tacno. Es la jornada marat\u00f3n, en la que dependiendo de si el coche es de dos o cuatro ruedas termina en un destino diferente.<\/p>\n<h5 style=\"text-align: justify;\">Etapa 5 &#8211; 11 de enero<\/h5>\n<p style=\"text-align: justify;\">En este caso la etapa tuvo una duraci\u00f3n de 714 km y finaliz\u00f3 en Arequipa. Los coches salieron en l\u00ednea en grupos de participantes y tuvo gran protagonismo la navegaci\u00f3n individual.<\/p>\n<p style=\"text-align: justify;\">El 12 de enero fue la jornada de descanso.<\/p>\n<h5 style=\"text-align: justify;\">Etapa 6 &#8211; 13 de enero<\/h5>\n<p style=\"text-align: justify;\">Con un total de 810 km este tramo termina en San Juan de Marcona y se permiti\u00f3 el reenganche de los participantes que abandonaron en la primera semana de competici\u00f3n.<\/p>\n<h5 style=\"text-align: justify;\">Etapa 7 &#8211; 14 de enero<\/h5>\n<p style=\"text-align: justify;\">Es una etapa decisiva con 387 km que comienza y finaliza en San Juan de Marcona. Empezar\u00e1 a visualizarse a los primeros en las clasificaciones y se trata de un recorrido duro pues vuelve a pasar por las dunas de Tanaka.<\/p>\n<h5 style=\"text-align: justify;\">Etapa 8 &#8211; 15 de enero<\/h5>\n<p style=\"text-align: justify;\">Tiene un total de 576 km y termina en Pisco. Es la segunda m\u00e1s larga de la carrera y los diez primeros de cada categor\u00eda saldr\u00e1n mezclados.<\/p>\n<h5 style=\"text-align: justify;\">Etapa 9 &#8211; 16 de enero<\/h5>\n<p style=\"text-align: justify;\">Transcurre en Pisco con un total de 410 km. Es la oportunidad de los rezagados para ganar tiempo.<\/p>\n<h5 style=\"text-align: justify;\">Etapa 10 &#8211; 17 de enero<\/h5>\n<p style=\"text-align: justify;\">Es la \u00faltima etapa y la decisiva aunque todo podr\u00eda estar aclarado en la anterior. Con 358 km y finalizando en Lima podr\u00eda dar sorpresas a los supuestos vencedores.<\/p>\n","protected":false},"excerpt":{"rendered":"<p>Este a\u00f1o el rally se disputa en Per\u00fa y dio comienzo el 7 de enero. La prueba, de 5.600 kil\u00f3metros de largo, es una de las m\u00e1s dif\u00edciles de la<\/p>\n","protected":false},"author":6,"featured_media":13999,"comment_status":"closed","ping_status":"open","sticky":false,"template":"","format":"standard","meta":{"footnotes":""},"categories":[1],"tags":[1373],"class_list":["post-13996","post","type-post","status-publish","format-standard","has-post-thumbnail","hentry","category-actualidad","tag-dakar-2019"],"_links":{"self":[{"href":"https:\/\/www.sibuscascoche.com\/noticias\/wp-json\/wp\/v2\/posts\/13996","targetHints":{"allow":["GET"]}}],"collection":[{"href":"https:\/\/www.sibuscascoche.com\/noticias\/wp-json\/wp\/v2\/posts"}],"about":[{"href":"https:\/\/www.sibuscascoche.com\/noticias\/wp-json\/wp\/v2\/types\/post"}],"author":[{"embeddable":true,"href":"https:\/\/www.sibuscascoche.com\/noticias\/wp-json\/wp\/v2\/users\/6"}],"replies":[{"embeddable":true,"href":"https:\/\/www.sibuscascoche.com\/noticias\/wp-json\/wp\/v2\/comments?post=13996"}],"version-history":[{"count":4,"href":"https:\/\/www.sibuscascoche.com\/noticias\/wp-json\/wp\/v2\/posts\/13996\/revisions"}],"predecessor-version":[{"id":14023,"href":"https:\/\/www.sibuscascoche.com\/noticias\/wp-json\/wp\/v2\/posts\/13996\/revisions\/14023"}],"wp:featuredmedia":[{"embeddable":true,"href":"https:\/\/www.sibuscascoche.com\/noticias\/wp-json\/wp\/v2\/media\/13999"}],"wp:attachment":[{"href":"https:\/\/www.sibuscascoche.com\/noticias\/wp-json\/wp\/v2\/media?parent=13996"}],"wp:term":[{"taxonomy":"category","embeddable":true,"href":"https:\/\/www.sibuscascoche.com\/noticias\/wp-json\/wp\/v2\/categories?post=13996"},{"taxonomy":"post_tag","embeddable":true,"href":"https:\/\/www.sibuscascoche.com\/noticias\/wp-json\/wp\/v2\/tags?post=13996"}],"curies":[{"name":"wp","href":"https:\/\/api.w.org\/{rel}","templated":true}]}}