{"id":13981,"date":"2019-01-24T13:31:00","date_gmt":"2019-01-24T12:31:00","guid":{"rendered":"https:\/\/www.sibuscascoche.com\/noticias\/?p=13981"},"modified":"2019-01-24T13:31:00","modified_gmt":"2019-01-24T12:31:00","slug":"carne-conducir-mas-complicado-2019","status":"publish","type":"post","link":"https:\/\/www.sibuscascoche.com\/noticias\/2019\/carne-conducir-mas-complicado-2019\/","title":{"rendered":"Obtener el carn\u00e9 de conducir, m\u00e1s caro y complicado en 2019"},"content":{"rendered":"<p style=\"text-align: justify;\">El Director General de Tr\u00e1fico, Pere Navarro, ha anunciado recientemente que est\u00e1 trabajando en un Real Decreto para modificar el Reglamento General de Conductores. Su intenci\u00f3n es endurecer el vigente y entre las cuestiones afectadas se encuentra el permiso de conducir. Las modificaciones podr\u00edan entrar en vigor a partir del 1 de julio de 2019. \u00bfEst\u00e1s pensando en sacarte el carn\u00e9 en este nuevo a\u00f1o? Aqu\u00ed te contamos algunos de los detalles de la nueva normativa.<\/p>\n<h5 style=\"text-align: justify;\">M\u00e1s horas presenciales<\/h5>\n<p style=\"text-align: justify;\">Ser\u00e1 obligatorio realizar ocho horas de formaci\u00f3n te\u00f3rica presencial, adem\u00e1s de las que cada uno quiera realizar. Adem\u00e1s, se incluir\u00e1n nuevos temas, como los colectivos vulnerables, los factores de riesgo, las distracciones y el uso de sistemas de seguridad. Se buscar\u00e1 una mayor concienciaci\u00f3n del alumno sobre la necesidad de una conducci\u00f3n responsable. Para ello se realizar\u00e1n charlas con v\u00edctimas de accidentes de tr\u00e1fico.<\/p>\n<h5 style=\"text-align: justify;\">Cambios en el examen te\u00f3rico<\/h5>\n<p style=\"text-align: justify;\">Esta parte del examen ser\u00e1 m\u00e1s visual, con v\u00eddeos in situ a cerca de los que se realizar\u00e1n diferentes cuestiones. Por otro lado, disminuye de un 20 a un 10% el \u00edndice de errores.<\/p>\n<h5 style=\"text-align: justify;\">Modificaci\u00f3n edad m\u00ednima<\/h5>\n<p style=\"text-align: justify;\">A partir de los 18 a\u00f1os se tendr\u00e1 acceso al examen de tipo C, D, D1, C+E, D+E y D1+E, pero el alumno necesitar\u00e1 un Certificado de Aptitud Profesional.<\/p>\n<h5 style=\"text-align: justify;\">Conducci\u00f3n de m\u00e1s veh\u00edculos con el permiso B<\/h5>\n<p style=\"text-align: justify;\">Un conductor con este tipo de permiso, que tenga m\u00e1s de dos a\u00f1os de antig\u00fcedad, podr\u00e1 conducir veh\u00edculos de mercanc\u00edas de m\u00e1s de 3.500 kilos y hasta 4.250 kilos.<\/p>\n<h5 style=\"text-align: justify;\">Penalizaci\u00f3n por suspenso<\/h5>\n<p style=\"text-align: justify;\"><img loading=\"lazy\" decoding=\"async\" class=\"alignright size-full wp-image-13986\" alt=\"carnet de conducir, examen pr\u00e1ctico carnet de conducir\" src=\"https:\/\/www.sibuscascoche.com\/noticias\/wp-content\/uploads\/2019\/01\/carnet-conducir-examen-practico.jpg\" width=\"300\" height=\"200\" \/>En caso de suspender la parte pr\u00e1ctica del examen se tendr\u00e1 que esperar un m\u00ednimo de 15 d\u00edas para poder repetirlo. Si se trata de la segunda o tercera, el alumno tendr\u00e1 que esperar 30. En ocasiones sucesivas el plazo ser\u00e1 de 20 d\u00edas. El alumno tendr\u00e1 que recibir un m\u00ednimo de cinco clases pr\u00e1cticas para poder volver a presentarse al examen.<\/p>\n<h5 style=\"text-align: justify;\">Mayor accesibilidad y seguridad para las motos<\/h5>\n<p style=\"text-align: justify;\">Los alumnos con dificultades auditivas podr\u00e1n seguir las instrucciones del examinador con un sistema de navegaci\u00f3n GPS para poder completar el recorrido.<\/p>\n<p style=\"text-align: justify;\">Tambi\u00e9n se aumenta la protecci\u00f3n de los aspirantes en las pruebas de circulaci\u00f3n. El equipamiento m\u00ednimo de seguridad que se exige estar\u00e1 formado por casco homologado, guantes, chaqueta y pantalones espec\u00edficos y botas por arriba de los tobillos.<\/p>\n<p style=\"text-align: justify;\">Estas modificaciones, que pueden entrar en vigor el pr\u00f3ximo julio, buscan que la formaci\u00f3n en educaci\u00f3n vial sea m\u00e1s rigurosa y exhaustiva. Aunque con alguna cuesti\u00f3n matizable, pueden ser un gran paso para aumentar la concienciaci\u00f3n de los j\u00f3venes y reducir los accidentes de tr\u00e1fico.<\/p>\n","protected":false},"excerpt":{"rendered":"<p>El Director General de Tr\u00e1fico, Pere Navarro, ha anunciado recientemente que est\u00e1 trabajando en un Real Decreto para modificar el Reglamento General de Conductores. Su intenci\u00f3n es endurecer el vigente<\/p>\n","protected":false},"author":6,"featured_media":13985,"comment_status":"closed","ping_status":"open","sticky":false,"template":"","format":"standard","meta":{"footnotes":""},"categories":[1],"tags":[1287],"class_list":["post-13981","post","type-post","status-publish","format-standard","has-post-thumbnail","hentry","category-actualidad","tag-carne-de-conducir"],"_links":{"self":[{"href":"https:\/\/www.sibuscascoche.com\/noticias\/wp-json\/wp\/v2\/posts\/13981","targetHints":{"allow":["GET"]}}],"collection":[{"href":"https:\/\/www.sibuscascoche.com\/noticias\/wp-json\/wp\/v2\/posts"}],"about":[{"href":"https:\/\/www.sibuscascoche.com\/noticias\/wp-json\/wp\/v2\/types\/post"}],"author":[{"embeddable":true,"href":"https:\/\/www.sibuscascoche.com\/noticias\/wp-json\/wp\/v2\/users\/6"}],"replies":[{"embeddable":true,"href":"https:\/\/www.sibuscascoche.com\/noticias\/wp-json\/wp\/v2\/comments?post=13981"}],"version-history":[{"count":5,"href":"https:\/\/www.sibuscascoche.com\/noticias\/wp-json\/wp\/v2\/posts\/13981\/revisions"}],"predecessor-version":[{"id":14022,"href":"https:\/\/www.sibuscascoche.com\/noticias\/wp-json\/wp\/v2\/posts\/13981\/revisions\/14022"}],"wp:featuredmedia":[{"embeddable":true,"href":"https:\/\/www.sibuscascoche.com\/noticias\/wp-json\/wp\/v2\/media\/13985"}],"wp:attachment":[{"href":"https:\/\/www.sibuscascoche.com\/noticias\/wp-json\/wp\/v2\/media?parent=13981"}],"wp:term":[{"taxonomy":"category","embeddable":true,"href":"https:\/\/www.sibuscascoche.com\/noticias\/wp-json\/wp\/v2\/categories?post=13981"},{"taxonomy":"post_tag","embeddable":true,"href":"https:\/\/www.sibuscascoche.com\/noticias\/wp-json\/wp\/v2\/tags?post=13981"}],"curies":[{"name":"wp","href":"https:\/\/api.w.org\/{rel}","templated":true}]}}