{"id":13869,"date":"2018-12-17T16:26:52","date_gmt":"2018-12-17T15:26:52","guid":{"rendered":"https:\/\/www.sibuscascoche.com\/noticias\/?p=13869"},"modified":"2019-03-28T22:44:35","modified_gmt":"2019-03-28T21:44:35","slug":"volkswagen-california-30-aniversario-galicia","status":"publish","type":"post","link":"https:\/\/www.sibuscascoche.com\/noticias\/2018\/volkswagen-california-30-aniversario-galicia\/","title":{"rendered":"Volkswagen California 30 Aniversario, una edici\u00f3n especial de impacto"},"content":{"rendered":"<p style=\"text-align: justify\">La marca alemana acaba de lanzar una edici\u00f3n especial de su emblem\u00e1tico modelo California para celebrar que se cumplen 30 a\u00f1os de su lanzamiento. S\u00f3lo se pondr\u00e1n a la venta 999 unidades, con su n\u00famero de producci\u00f3n grabado. Aqu\u00ed te contamos algunos detalles pero ya est\u00e1 disponible en <strong>Volkswagen Galicia<\/strong>.<\/p>\n<h5 style=\"text-align: justify\">Gran renovaci\u00f3n est\u00e9tica pero con la misma esencia<\/h5>\n<p style=\"text-align: justify\">Su dise\u00f1o se basa en una versi\u00f3n del modelo que no se comercializ\u00f3 en Espa\u00f1a, adem\u00e1s de juntar elementos de los modelos Beach y Ocean. Aunque encontramos los elementos que caracterizan el esp\u00edritu camper, como la cama de techo o el techo levadizo, aparecen nuevos detalles. En el exterior destaca la moldura decorativa \u00abDark Silver Brushed\u00bb y la banda \u00abAntracita Metalizado\u00bb y unas llantas de aleaci\u00f3n ligera \u00abCascavel\u00bb en Antracita.<\/p>\n<p><img loading=\"lazy\" decoding=\"async\" class=\"alignright size-full wp-image-13872\" alt=\"volkswagen california 30 aniversario, volkswagen galicia\" src=\"https:\/\/www.sibuscascoche.com\/noticias\/wp-content\/uploads\/2018\/12\/volkswagen-california-30-aniversario-interior.jpg\" width=\"300\" height=\"200\" \/><\/p>\n<p style=\"text-align: justify\">En el interior sorprenden el revestimiento de los armarios \u00abBright Wood\u00bb, la tapicer\u00eda Visitamo, un volante multifunci\u00f3n de cuero y el concepto de iluminaci\u00f3n Camper Confort. El California 30 Aniversario no ha prescindido de su nevera de compresor \u00abWaeco\u00bb de 42 litros, la mesa de camping con dos sillas plegables o la conexi\u00f3n para la ducha exterior. Cuenta con todo lo necesario para vivir aventuras con amigos o familiares y llevarnos la casa a cuestas.<\/p>\n<h5 style=\"text-align: justify\">Impresionante tecnolog\u00eda y ayudas a la conducci\u00f3n<\/h5>\n<p style=\"text-align: justify\">Con esta edici\u00f3n especial Volkswagen ha querido ir m\u00e1s all\u00e1 y ha introducido la tecnolog\u00eda m\u00e1s avanzada, los \u00faltimos sistemas de ayuda a la conducci\u00f3n y el Infoentretenimiento m\u00e1s novedoso. Entre estos nuevos componentes sobresalen el control de arranque en pendiente, el Park Pilot delantero y trasero y la climatizaci\u00f3n. Adem\u00e1s, el paquete de infoentretenimiento y conectividad cuenta con la radio Composition Media con pantalla t\u00e1ctil de 6,33 pulgadas y Car- Net App- Connect de serie.<\/p>\n<h5 style=\"text-align: justify\">Variedad mec\u00e1nica<\/h5>\n<p style=\"text-align: justify\">El Volkswagen California 30 Aniversario se puede escoger entre dos motores 2.0 TDI, de 150 CV y 200 CV, asociados a una transmisi\u00f3n DSG.<\/p>\n<p style=\"text-align: justify\">Esta aut\u00e9ntica casa sobre ruedas sorprende con una edici\u00f3n muy especial con un dise\u00f1o \u00fanico y la tecnolog\u00eda propia de un coche de gama alta. Ya est\u00e1 disponible en <strong>Volkswagen Galicia<\/strong> con un precio de salida recomendado de 53.800 \u20ac.<\/p>\n","protected":false},"excerpt":{"rendered":"<p>La marca alemana acaba de lanzar una edici\u00f3n especial de su emblem\u00e1tico modelo California para celebrar que se cumplen 30 a\u00f1os de su lanzamiento. S\u00f3lo se pondr\u00e1n a la venta<\/p>\n","protected":false},"author":6,"featured_media":14219,"comment_status":"closed","ping_status":"open","sticky":false,"template":"","format":"standard","meta":{"footnotes":""},"categories":[1,8],"tags":[1362,1357],"class_list":["post-13869","post","type-post","status-publish","format-standard","has-post-thumbnail","hentry","category-actualidad","category-lanzamientos","tag-volkswagen-california-30-aniversario","tag-volkswagen-galicia"],"_links":{"self":[{"href":"https:\/\/www.sibuscascoche.com\/noticias\/wp-json\/wp\/v2\/posts\/13869","targetHints":{"allow":["GET"]}}],"collection":[{"href":"https:\/\/www.sibuscascoche.com\/noticias\/wp-json\/wp\/v2\/posts"}],"about":[{"href":"https:\/\/www.sibuscascoche.com\/noticias\/wp-json\/wp\/v2\/types\/post"}],"author":[{"embeddable":true,"href":"https:\/\/www.sibuscascoche.com\/noticias\/wp-json\/wp\/v2\/users\/6"}],"replies":[{"embeddable":true,"href":"https:\/\/www.sibuscascoche.com\/noticias\/wp-json\/wp\/v2\/comments?post=13869"}],"version-history":[{"count":8,"href":"https:\/\/www.sibuscascoche.com\/noticias\/wp-json\/wp\/v2\/posts\/13869\/revisions"}],"predecessor-version":[{"id":14220,"href":"https:\/\/www.sibuscascoche.com\/noticias\/wp-json\/wp\/v2\/posts\/13869\/revisions\/14220"}],"wp:featuredmedia":[{"embeddable":true,"href":"https:\/\/www.sibuscascoche.com\/noticias\/wp-json\/wp\/v2\/media\/14219"}],"wp:attachment":[{"href":"https:\/\/www.sibuscascoche.com\/noticias\/wp-json\/wp\/v2\/media?parent=13869"}],"wp:term":[{"taxonomy":"category","embeddable":true,"href":"https:\/\/www.sibuscascoche.com\/noticias\/wp-json\/wp\/v2\/categories?post=13869"},{"taxonomy":"post_tag","embeddable":true,"href":"https:\/\/www.sibuscascoche.com\/noticias\/wp-json\/wp\/v2\/tags?post=13869"}],"curies":[{"name":"wp","href":"https:\/\/api.w.org\/{rel}","templated":true}]}}