{"id":13856,"date":"2018-12-17T15:55:39","date_gmt":"2018-12-17T14:55:39","guid":{"rendered":"https:\/\/www.sibuscascoche.com\/noticias\/?p=13856"},"modified":"2019-03-28T22:51:48","modified_gmt":"2019-03-28T21:51:48","slug":"coche-electrico-autonomia-concesionario-galicia","status":"publish","type":"post","link":"https:\/\/www.sibuscascoche.com\/noticias\/2018\/coche-electrico-autonomia-concesionario-galicia\/","title":{"rendered":"\u00bfC\u00f3mo aumentar la autonom\u00eda de mi coche el\u00e9ctrico?"},"content":{"rendered":"<p style=\"text-align: justify\">\u00bfEst\u00e1s pensando en comprar un coche el\u00e9ctrico pero tienes dudas sobre su autonom\u00eda? Ante la nueva ley nacional y europea sobre el cambio clim\u00e1tico, que eliminar\u00e1 definitivamente los coches de gasolina y gas\u00f3leo, puede que te est\u00e9s planteando pasar por tu <strong>Concesionario Galicia<\/strong> y adquirir un coche el\u00e9ctrico. Es en este momento cuando te asaltan millones de dudas sobre la localizaci\u00f3n y cantidad de puntos de carga, la autonom\u00eda de este tipo de veh\u00edculos y muchas cosas m\u00e1s. Aunque las marcas sacan al mercado coches con cada vez mayor duraci\u00f3n de las bater\u00edas, s\u00ed es cierto que a\u00fan se tiene que trabajar mucho y por ahora la autonom\u00eda de los coches el\u00e9ctricos es menor que la de otro tipo de veh\u00edculos. Por ello, hoy os traemos algunas recomendaciones para alargar el tiempo de carga, trucos sencillos para todos.<\/p>\n<h5 style=\"text-align: justify\">Reduce las aceleraciones<\/h5>\n<p style=\"text-align: justify\">Te aconsejamos no abusar de los acelorenes, a pesar de que los coches el\u00e9ctricos tienen un tiempo de aceleraci\u00f3n muy r\u00e1pido, incluso mejor que los coches de explosi\u00f3n. Un uso excesivo podr\u00eda desgastar las bater\u00edas. Al igual que en todo tipo de veh\u00edculos lo mejor es llevar una conducci\u00f3n relajada, sin brusquedad en las maniobras.<\/p>\n<h5 style=\"text-align: justify\">Aprovecha el freno a motor<\/h5>\n<p style=\"text-align: justify\"><img loading=\"lazy\" decoding=\"async\" class=\"alignright size-full wp-image-13858\" alt=\"autonom\u00eda coche el\u00e9ctrico, concesionario galicia\" src=\"https:\/\/www.sibuscascoche.com\/noticias\/wp-content\/uploads\/2018\/12\/coche-electrico-automia-cargador.jpg\" width=\"300\" height=\"200\" \/>Los coches el\u00e9ctricos recuperan energ\u00eda cuando dejamos de acelerar, por lo que cuando sea posible aprov\u00e9chate de la inercia del terreno y no aceleres. Reducir\u00e1s en gran medida la energ\u00eda consumida.<\/p>\n<h5 style=\"text-align: justify\">Mant\u00e9n una velocidad constante<\/h5>\n<p style=\"text-align: justify\">La autonom\u00eda de este tipo de autom\u00f3viles se puede alargar hasta un 20% si mantenemos una velocidad constante y anticipamos las paradas. Es por ello por lo que la conducci\u00f3n en ciudad es el entorno perfecto, con paradas constantes y baja velocidad. El escenario m\u00e1s dif\u00edcil es rodar por autopista, ya que la alta velocidad hace que se consuma r\u00e1pidamente la bater\u00eda.<\/p>\n<h5 style=\"text-align: justify\">Utiliza los modos de conducci\u00f3n programados<\/h5>\n<p style=\"text-align: justify\">Este tipo de veh\u00edculos disponen de diferentes programas de conducci\u00f3n en funci\u00f3n del terreno o desnivel para favorecer la autonom\u00eda del motor o aumentar la potencia. Te recomendamos que intentes utilizarnos cuando sea posible ya que el coche se adaptar\u00e1 mejor y ahorrar\u00e1s energ\u00eda.<\/p>\n<h5 style=\"text-align: justify\">No abuses de la climatizaci\u00f3n<\/h5>\n<p style=\"text-align: justify\">Como ocurre en todos los tipos de coches, la utilizaci\u00f3n del aire acondicionado o de la calefacci\u00f3n consume bastante energ\u00eda. Un truco es ajustar la temperatura cuando est\u00e1 cargando para evitar un pico de consumo durante la conducci\u00f3n.<\/p>\n<p style=\"text-align: justify\">Aqu\u00ed os dejamos algunas recomendaciones para alargar la autonom\u00eda de tu coche el\u00e9ctrico pero estamos convencidos de que con el tiempo su autonom\u00eda ser\u00e1 mucho mayor as\u00ed que te animamos a comprar un veh\u00edculo de este tipo en tu <strong>Concesionario Galicia<\/strong>.<\/p>\n","protected":false},"excerpt":{"rendered":"<p>\u00bfEst\u00e1s pensando en comprar un coche el\u00e9ctrico pero tienes dudas sobre su autonom\u00eda? Ante la nueva ley nacional y europea sobre el cambio clim\u00e1tico, que eliminar\u00e1 definitivamente los coches de<\/p>\n","protected":false},"author":6,"featured_media":14223,"comment_status":"closed","ping_status":"open","sticky":false,"template":"","format":"standard","meta":{"footnotes":""},"categories":[1,6],"tags":[1064,220,1289],"class_list":["post-13856","post","type-post","status-publish","format-standard","has-post-thumbnail","hentry","category-actualidad","category-mantenimiento-consejos","tag-autonomia","tag-coches-electricos","tag-concesionario-galicia"],"_links":{"self":[{"href":"https:\/\/www.sibuscascoche.com\/noticias\/wp-json\/wp\/v2\/posts\/13856","targetHints":{"allow":["GET"]}}],"collection":[{"href":"https:\/\/www.sibuscascoche.com\/noticias\/wp-json\/wp\/v2\/posts"}],"about":[{"href":"https:\/\/www.sibuscascoche.com\/noticias\/wp-json\/wp\/v2\/types\/post"}],"author":[{"embeddable":true,"href":"https:\/\/www.sibuscascoche.com\/noticias\/wp-json\/wp\/v2\/users\/6"}],"replies":[{"embeddable":true,"href":"https:\/\/www.sibuscascoche.com\/noticias\/wp-json\/wp\/v2\/comments?post=13856"}],"version-history":[{"count":5,"href":"https:\/\/www.sibuscascoche.com\/noticias\/wp-json\/wp\/v2\/posts\/13856\/revisions"}],"predecessor-version":[{"id":14224,"href":"https:\/\/www.sibuscascoche.com\/noticias\/wp-json\/wp\/v2\/posts\/13856\/revisions\/14224"}],"wp:featuredmedia":[{"embeddable":true,"href":"https:\/\/www.sibuscascoche.com\/noticias\/wp-json\/wp\/v2\/media\/14223"}],"wp:attachment":[{"href":"https:\/\/www.sibuscascoche.com\/noticias\/wp-json\/wp\/v2\/media?parent=13856"}],"wp:term":[{"taxonomy":"category","embeddable":true,"href":"https:\/\/www.sibuscascoche.com\/noticias\/wp-json\/wp\/v2\/categories?post=13856"},{"taxonomy":"post_tag","embeddable":true,"href":"https:\/\/www.sibuscascoche.com\/noticias\/wp-json\/wp\/v2\/tags?post=13856"}],"curies":[{"name":"wp","href":"https:\/\/api.w.org\/{rel}","templated":true}]}}