{"id":13839,"date":"2018-12-17T16:31:16","date_gmt":"2018-12-17T15:31:16","guid":{"rendered":"https:\/\/www.sibuscascoche.com\/noticias\/?p=13839"},"modified":"2019-01-14T09:46:21","modified_gmt":"2019-01-14T08:46:21","slug":"matriculas-azules","status":"publish","type":"post","link":"https:\/\/www.sibuscascoche.com\/noticias\/2018\/matriculas-azules\/","title":{"rendered":"Las matr\u00edculas azules invadir\u00e1n las ciudades"},"content":{"rendered":"<p>\u00bfPor qu\u00e9 veo matr\u00edculas azules? \u00bfqui\u00e9nes son? \u00bfqu\u00e9 quieren? Tranquilos, las matr\u00edculas azules son un distintivo m\u00e1s que ha venido para quedarse y te contamos por qu\u00e9.<\/p>\n<h4>Nuevo reglamento de transporte p\u00fablico<\/h4>\n<p>En el a\u00f1o 2016 se realiz\u00f3 una Proposici\u00f3n no de Ley de medidas para la protecci\u00f3n del intrusismo laboral en el transporte p\u00fablico, la conocida como<em> pirater\u00eda del transporte<\/em>. Estas medidas, promovidas por los colectivos de taxistas, recog\u00edan que era necesaria una distinci\u00f3n de los veh\u00edculos de transporte de viajeros como los taxis y los VTC. Adem\u00e1s, la propuesta recog\u00eda el <a title=\"Los taxis y el cintur\u00f3n de seguridad\" href=\"https:\/\/www.sibuscascoche.com\/noticias\/2018\/taxis-cinturon-de-seguridad\/\"><strong>endurecimiento de las sanciones<\/strong><\/a> a los veh\u00edculos ilegales o sin licencia.<\/p>\n<p>De esta manera, el Estado se propone regular estos veh\u00edculos haci\u00e9ndolos m\u00e1s identificables para el usuario y reducir al mismo tiempo las p\u00e9rdidas en el sector debido a la <strong>competencia desleal de los veh\u00edculos sin licencia.<\/strong><\/p>\n<p>Por ello, desde el pasado mes de julio tanto los taxis como los veh\u00edculos de alquiler con conductor de hasta nueva plazas llevar\u00e1n la matr\u00edcula azul.<\/p>\n<h4>La matr\u00edcula azul ser\u00e1 obligatoria hasta 2019<\/h4>\n<p>A pesar de que esta orden ministerial fue publicada en julio de 2018, el plazo de los conductores de este tipo de veh\u00edculos para cambiar las matr\u00edculas es de un a\u00f1o. A partir de julio del a\u00f1o que viene, no llevar correctamente instalada la nueva matr\u00edcula ser\u00e1 motivo de sanci\u00f3n.<\/p>\n<p>Sin embargo, los <span style=\"color: #0071b9;\"><a href=\"https:\/\/www.sibuscascoche.com\/coches-km0\"><span style=\"color: #0071b9;\">veh\u00edculos nuevos<\/span><\/a><\/span> comprados a partir de julio para este fin, ya se matricular\u00e1n con el fondo azul y las letras en blanco.<\/p>\n<h4>No afecta a las dos placas<\/h4>\n<p>Las nuevas matr\u00edculas con fondo azul reflectante y caracteres blancos solo<strong> se instalar\u00e1n en la placa trasera del veh\u00edculo<\/strong>. La parte frontal seguir\u00e1 siendo la misma de fondo blanco y caracteres negros que ya conocemos.<\/p>\n<p><img loading=\"lazy\" decoding=\"async\" class=\"alignright size-full wp-image-13841\" alt=\"concesionario-galicia\" src=\"https:\/\/www.sibuscascoche.com\/noticias\/wp-content\/uploads\/2018\/12\/concesionario-galicia.png\" width=\"300\" height=\"200\" \/><\/p>\n<p>Las matr\u00edculas azules no son nuevas en la Uni\u00f3n Europea. El incremento de los servicios de Uber y Cabify\u00a0entre otros, han propiciado tambi\u00e9n que las reclamaciones de los taxistas tradicionales se extiendan m\u00e1s all\u00e1 de nuestras fronteras. Pa\u00edses como B\u00e9gica, Grecia o los Pa\u00edses bajos cuentan con matr\u00edculas diferenciadas en estos veh\u00edculos de transporte.<\/p>\n<p>Una curiosidad, en Amsterdam, por ejemplo las matr\u00edculas azules identifican a los taxis pero los caracteres son negros y no blancos.<\/p>\n<p>Pero \u00e9sta solo es una medida de las propuestas en el Nuevo Reglamento General de Veh\u00edculos. Incluye otros muchos temas como la iluminaci\u00f3n de veh\u00edculos inmovilizados en la v\u00eda, la inclusi\u00f3n del veh\u00edculo de uso compartido, etc.<\/p>\n<p>\u00bfQuieres saber m\u00e1s? Descubre <span style=\"color: #0071b9;\"><a title=\"Descubre los cambios en el Reglamento General de Veh\u00edculos\" href=\"https:\/\/www.sibuscascoche.com\/noticias\/2018\/cambios-reglamento-vehiculos-luces-azules-vehiculos-emergencias\/\"><span style=\"color: #0071b9;\">todos los cambios en el Reglamento General de Veh\u00edculos<\/span><\/a>.<\/span><\/p>\n<p>&nbsp;<\/p>\n<p>&nbsp;<\/p>\n<p>&nbsp;<\/p>\n<p>&nbsp;<\/p>\n","protected":false},"excerpt":{"rendered":"<p>\u00bfPor qu\u00e9 veo matr\u00edculas azules? \u00bfqui\u00e9nes son? \u00bfqu\u00e9 quieren? Tranquilos, las matr\u00edculas azules son un distintivo m\u00e1s que ha venido para quedarse y te contamos por qu\u00e9. Nuevo reglamento de<\/p>\n","protected":false},"author":6,"featured_media":14008,"comment_status":"closed","ping_status":"open","sticky":false,"template":"","format":"standard","meta":{"footnotes":""},"categories":[1],"tags":[1355,1284,1356],"class_list":["post-13839","post","type-post","status-publish","format-standard","has-post-thumbnail","hentry","category-actualidad","tag-matriculas-azules","tag-reglamento-general-de-vehiculos","tag-taxis-y-vtc"],"_links":{"self":[{"href":"https:\/\/www.sibuscascoche.com\/noticias\/wp-json\/wp\/v2\/posts\/13839","targetHints":{"allow":["GET"]}}],"collection":[{"href":"https:\/\/www.sibuscascoche.com\/noticias\/wp-json\/wp\/v2\/posts"}],"about":[{"href":"https:\/\/www.sibuscascoche.com\/noticias\/wp-json\/wp\/v2\/types\/post"}],"author":[{"embeddable":true,"href":"https:\/\/www.sibuscascoche.com\/noticias\/wp-json\/wp\/v2\/users\/6"}],"replies":[{"embeddable":true,"href":"https:\/\/www.sibuscascoche.com\/noticias\/wp-json\/wp\/v2\/comments?post=13839"}],"version-history":[{"count":10,"href":"https:\/\/www.sibuscascoche.com\/noticias\/wp-json\/wp\/v2\/posts\/13839\/revisions"}],"predecessor-version":[{"id":13989,"href":"https:\/\/www.sibuscascoche.com\/noticias\/wp-json\/wp\/v2\/posts\/13839\/revisions\/13989"}],"wp:featuredmedia":[{"embeddable":true,"href":"https:\/\/www.sibuscascoche.com\/noticias\/wp-json\/wp\/v2\/media\/14008"}],"wp:attachment":[{"href":"https:\/\/www.sibuscascoche.com\/noticias\/wp-json\/wp\/v2\/media?parent=13839"}],"wp:term":[{"taxonomy":"category","embeddable":true,"href":"https:\/\/www.sibuscascoche.com\/noticias\/wp-json\/wp\/v2\/categories?post=13839"},{"taxonomy":"post_tag","embeddable":true,"href":"https:\/\/www.sibuscascoche.com\/noticias\/wp-json\/wp\/v2\/tags?post=13839"}],"curies":[{"name":"wp","href":"https:\/\/api.w.org\/{rel}","templated":true}]}}