{"id":13820,"date":"2018-12-31T16:50:27","date_gmt":"2018-12-31T15:50:27","guid":{"rendered":"https:\/\/www.sibuscascoche.com\/noticias\/?p=13820"},"modified":"2019-01-11T18:23:53","modified_gmt":"2019-01-11T17:23:53","slug":"cambiar-el-filtro-del-aire","status":"publish","type":"post","link":"https:\/\/www.sibuscascoche.com\/noticias\/2018\/cambiar-el-filtro-del-aire\/","title":{"rendered":"\u00bfEsperar a primavera para cambiar el filtro del aire? \u00a1Error!"},"content":{"rendered":"<p>Si personalmente no hab\u00edas o\u00eddo hablar demasiadas veces del filtro del aire, no est\u00e1s s\u00f3lo. El filtro del aire es uno de los grandes desconocidos de los conductores espa\u00f1oles. As\u00ed como la gran mayor\u00eda de los mortales sabe que se debe realizar un mantenimiento peri\u00f3dico del veh\u00edculo, revisar y sustituir los neum\u00e1ticos, realizar cambios de aceite una vez al a\u00f1o, pocos somos conscientes de la importancia de <strong>sustituir el filtro del aire del habit\u00e1culo<\/strong>.<\/p>\n<h4>Para qu\u00e9 sirve el filtro del aire<\/h4>\n<p>El filtro del aire, es un elemento esencial que<strong> impide que lleguen al habit\u00e1culo del veh\u00edculo part\u00edculas contaminantes del exterior no s\u00f3lo en primavera.<\/strong><\/p>\n<p>Si no existiera, cuando ponemos el aire acondicionado o la\u00a0calefacci\u00f3n, estar\u00edamos respirando desde el polvo hasta los gases contaminantes provocados por la combusti\u00f3n del resto\u00a0de veh\u00edculos de la carretera y muchos\u00a0otros agentes perjudiciales para la salud.<\/p>\n<p>Este filtro de aire de habit\u00e1culo es conocido tambi\u00e9n como <em>filtro de polen.\u00a0<\/em>Su misi\u00f3n tambi\u00e9n consiste en evitar la entrada de estas part\u00edculas en suspensi\u00f3n, sobretodo en primavera. De esta forma permite una mayor calidad del aire en el interior del veh\u00edculo y asegura una mejor respiraci\u00f3n en los al\u00e9rgicos.<\/p>\n<h4>Cambiar el filtro del aire no s\u00f3lo por nuestra salud<\/h4>\n<p>Una obstrucci\u00f3n del filtro asegurar\u00eda un anormal flujo de aire dentro del veh\u00edculo. Adem\u00e1s favorece la condensaci\u00f3n del aire caliente en el interior del coche contribuyendo a <strong>reducir la visibilidad<\/strong> en la conducci\u00f3n. Con un filtro de aire sucio, nos aseguramos una peor visibilidad al volante.<\/p>\n<p>En Espa\u00f1a se estima que<strong>\u00a0la media ronda los seis a\u00f1os<\/strong>\u00a0tras la compra de un\u00a0coche nuevo.<\/p>\n<p>Tanto en los <span style=\"color: #0071b9;\"><a href=\"https:\/\/www.sibuscascoche.com\/coches-ocasion\/gasolina\"><span style=\"color: #0071b9;\">veh\u00edculos de gasolina<\/span><\/a><\/span> como en los <span style=\"color: #0071b9;\"><a href=\"https:\/\/www.sibuscascoche.com\/coches-ocasion\/diesel\"><span style=\"color: #0071b9;\">veh\u00edculos di\u00e9sel<\/span><\/a><\/span>\u00a0mantener el filtro del aire en \u00f3ptimas condiciones, asegura<\/p>\n<h4>Cu\u00e1ndo cambiar el filtro del aire<\/h4>\n<p><img loading=\"lazy\" decoding=\"async\" class=\"alignright size-full wp-image-13823\" alt=\"coches-segunda-mano-diesel-coruna\" src=\"https:\/\/www.sibuscascoche.com\/noticias\/wp-content\/uploads\/2018\/12\/coches-segunda-mano-diesel-coruna.png\" width=\"300\" height=\"200\" \/><\/p>\n<p>El filtro del aire es uno de los elementos que se deber\u00edan analizar durante la revisi\u00f3n o mantenimiento anual<\/p>\n<p>de tu coche. De todas formas, si se conduce por encima de los 15.000 km al a\u00f1o o se realizan trayectos en carreteras sin asfaltar o de tierra,\u00a0 o en ciudades con un alto \u00edndice de poluci\u00f3n, es recomendable revisarlo antes.<\/p>\n<p>Las se\u00f1ales son claras: mayor entrada de al\u00e9rgenos y gases contaminantes al interior del coche, condensaci\u00f3n y problemas en el flujo del aire, mayor consumo&#8230;Son claves que nos da nuestro coche para avisarnos de que es hora de cambiar el filtro del aire, se ha engrasado.<\/p>\n<p>Desde poco m\u00e1s de diez euros puedes alargar tu salud, la de los tuyos y la de tu coche&#8230;\u00a1No hay excusas!<\/p>\n<p>&nbsp;<\/p>\n","protected":false},"excerpt":{"rendered":"<p>Si personalmente no hab\u00edas o\u00eddo hablar demasiadas veces del filtro del aire, no est\u00e1s s\u00f3lo. El filtro del aire es uno de los grandes desconocidos de los conductores espa\u00f1oles. As\u00ed<\/p>\n","protected":false},"author":6,"featured_media":13990,"comment_status":"closed","ping_status":"open","sticky":false,"template":"","format":"standard","meta":{"footnotes":""},"categories":[1],"tags":[1353,1354,972],"class_list":["post-13820","post","type-post","status-publish","format-standard","has-post-thumbnail","hentry","category-actualidad","tag-cambiar-el-filtro-del-aire","tag-filtro-de-polen","tag-mantenimiento-aire-acondicionado"],"_links":{"self":[{"href":"https:\/\/www.sibuscascoche.com\/noticias\/wp-json\/wp\/v2\/posts\/13820","targetHints":{"allow":["GET"]}}],"collection":[{"href":"https:\/\/www.sibuscascoche.com\/noticias\/wp-json\/wp\/v2\/posts"}],"about":[{"href":"https:\/\/www.sibuscascoche.com\/noticias\/wp-json\/wp\/v2\/types\/post"}],"author":[{"embeddable":true,"href":"https:\/\/www.sibuscascoche.com\/noticias\/wp-json\/wp\/v2\/users\/6"}],"replies":[{"embeddable":true,"href":"https:\/\/www.sibuscascoche.com\/noticias\/wp-json\/wp\/v2\/comments?post=13820"}],"version-history":[{"count":17,"href":"https:\/\/www.sibuscascoche.com\/noticias\/wp-json\/wp\/v2\/posts\/13820\/revisions"}],"predecessor-version":[{"id":13964,"href":"https:\/\/www.sibuscascoche.com\/noticias\/wp-json\/wp\/v2\/posts\/13820\/revisions\/13964"}],"wp:featuredmedia":[{"embeddable":true,"href":"https:\/\/www.sibuscascoche.com\/noticias\/wp-json\/wp\/v2\/media\/13990"}],"wp:attachment":[{"href":"https:\/\/www.sibuscascoche.com\/noticias\/wp-json\/wp\/v2\/media?parent=13820"}],"wp:term":[{"taxonomy":"category","embeddable":true,"href":"https:\/\/www.sibuscascoche.com\/noticias\/wp-json\/wp\/v2\/categories?post=13820"},{"taxonomy":"post_tag","embeddable":true,"href":"https:\/\/www.sibuscascoche.com\/noticias\/wp-json\/wp\/v2\/tags?post=13820"}],"curies":[{"name":"wp","href":"https:\/\/api.w.org\/{rel}","templated":true}]}}