{"id":13752,"date":"2018-11-27T16:44:19","date_gmt":"2018-11-27T15:44:19","guid":{"rendered":"https:\/\/www.sibuscascoche.com\/noticias\/?p=13752"},"modified":"2018-11-27T16:44:19","modified_gmt":"2018-11-27T15:44:19","slug":"audi-r8-2019-audi-galicia","status":"publish","type":"post","link":"https:\/\/www.sibuscascoche.com\/noticias\/2018\/audi-r8-2019-audi-galicia\/","title":{"rendered":"Nuevo Audi R8, experimenta la aut\u00e9ntica libertad de conducir"},"content":{"rendered":"<p style=\"text-align: justify;\">La marca de los cinco aros acaba de presentar el nuevo R8, una renovaci\u00f3n agresiva de su buque insignia. El nuevo modelo introduce cambios est\u00e9ticos para acentuar su deportividad pero adem\u00e1s aumenta a\u00fan m\u00e1s su potencia y mejor la suspensi\u00f3n. Un coche con personalidad a la altura de un piloto de carreras que tendr\u00e1s disponible muy pronto en <strong>Audi Galicia<\/strong>.<\/p>\n<h5 style=\"text-align: justify;\">Dise\u00f1o provocador<\/h5>\n<p style=\"text-align: justify;\">El nuevo Audi R8 es sin\u00f3nimo de velocidad, y reflejo de ello es su nueva est\u00e9tica angulosa con aristas vivas y afiladas. En su exterior aparece una nueva parrilla Singleframe, con una l\u00ednea m\u00e1s ancha y plana, y tres peque\u00f1as entradas de aire. Tambi\u00e9n aparecen nuevos extremos en el parachoques y aumenta el ancho del difusor. El deportivo estar\u00e1 disponible en tres paquetes distintos de carrocer\u00eda exterior, en funci\u00f3n del motor elegido, que a\u00f1aden otros nuevos detalles exteriores al veh\u00edculo.<\/p>\n<p style=\"text-align: justify;\"><img loading=\"lazy\" decoding=\"async\" class=\"alignright size-full wp-image-13754\" alt=\"Audi R8 2019, Audi R8, Audi Galicia\" src=\"https:\/\/www.sibuscascoche.com\/noticias\/wp-content\/uploads\/2018\/11\/audi-r8-2019-interior.jpg\" width=\"300\" height=\"200\" \/>El dise\u00f1o interior se centra en el conductor, con todos los elementos orientados a su comodidad y a disfrutar de una conducci\u00f3n \u00fanica. Los elementos deportivos se acent\u00faan con asientos y volante de cuero y peque\u00f1os detalles muy apreciados por los fans de la marca.<\/p>\n<h5 style=\"text-align: justify;\">Mayor potencia mec\u00e1nica<\/h5>\n<p style=\"text-align: justify;\">La firma alemana ha a\u00f1adido m\u00e1s potencia a su motor atmosf\u00e9rico 5.2 V10 FSI. El modelo de serie pasa de los 540 a los 570 CV, mientras que la versi\u00f3n R8 Plus sube de los 610 a los 620 CV. Adem\u00e1s, esta nueva mec\u00e1nica incluir\u00e1 un filtro de part\u00edculas.<\/p>\n<h5 style=\"text-align: justify;\">Mejoras en la suspensi\u00f3n<\/h5>\n<p style=\"text-align: justify;\">Para mejorar m\u00e1s si cabe la experiencia de conducir este caballo alado, se han incorporada mejoras en la suspensi\u00f3n que a\u00f1aden estabilidad y agarre en curva y una mayor precisi\u00f3n en la direcci\u00f3n.<\/p>\n<p style=\"text-align: justify;\">Los amantes de la velocidad y conducci\u00f3n est\u00e1n de suerte con este nuevo modelo, que se convierte en el bien m\u00e1s preciado de la marca de los cinco aros. El deportivo alem\u00e1n ser\u00e1 el due\u00f1o del asfalto, ya que se presenta como un coche inigualable en potencia, estabilidad y deportividad. Estar\u00e1 a la venta a partir de enero del pr\u00f3ximo a\u00f1o y podr\u00e1s conseguirlo en tu\u00a0<strong>Audi Galicia<\/strong>.<\/p>\n","protected":false},"excerpt":{"rendered":"<p>La marca de los cinco aros acaba de presentar el nuevo R8, una renovaci\u00f3n agresiva de su buque insignia. El nuevo modelo introduce cambios est\u00e9ticos para acentuar su deportividad pero<\/p>\n","protected":false},"author":6,"featured_media":13755,"comment_status":"closed","ping_status":"open","sticky":false,"template":"","format":"standard","meta":{"footnotes":""},"categories":[1,8],"tags":[1340,548],"class_list":["post-13752","post","type-post","status-publish","format-standard","has-post-thumbnail","hentry","category-actualidad","category-lanzamientos","tag-audi-galicia","tag-audi-r8"],"_links":{"self":[{"href":"https:\/\/www.sibuscascoche.com\/noticias\/wp-json\/wp\/v2\/posts\/13752","targetHints":{"allow":["GET"]}}],"collection":[{"href":"https:\/\/www.sibuscascoche.com\/noticias\/wp-json\/wp\/v2\/posts"}],"about":[{"href":"https:\/\/www.sibuscascoche.com\/noticias\/wp-json\/wp\/v2\/types\/post"}],"author":[{"embeddable":true,"href":"https:\/\/www.sibuscascoche.com\/noticias\/wp-json\/wp\/v2\/users\/6"}],"replies":[{"embeddable":true,"href":"https:\/\/www.sibuscascoche.com\/noticias\/wp-json\/wp\/v2\/comments?post=13752"}],"version-history":[{"count":5,"href":"https:\/\/www.sibuscascoche.com\/noticias\/wp-json\/wp\/v2\/posts\/13752\/revisions"}],"predecessor-version":[{"id":13795,"href":"https:\/\/www.sibuscascoche.com\/noticias\/wp-json\/wp\/v2\/posts\/13752\/revisions\/13795"}],"wp:featuredmedia":[{"embeddable":true,"href":"https:\/\/www.sibuscascoche.com\/noticias\/wp-json\/wp\/v2\/media\/13755"}],"wp:attachment":[{"href":"https:\/\/www.sibuscascoche.com\/noticias\/wp-json\/wp\/v2\/media?parent=13752"}],"wp:term":[{"taxonomy":"category","embeddable":true,"href":"https:\/\/www.sibuscascoche.com\/noticias\/wp-json\/wp\/v2\/categories?post=13752"},{"taxonomy":"post_tag","embeddable":true,"href":"https:\/\/www.sibuscascoche.com\/noticias\/wp-json\/wp\/v2\/tags?post=13752"}],"curies":[{"name":"wp","href":"https:\/\/api.w.org\/{rel}","templated":true}]}}