{"id":13703,"date":"2018-11-15T09:44:41","date_gmt":"2018-11-15T08:44:41","guid":{"rendered":"https:\/\/www.sibuscascoche.com\/noticias\/?p=13703"},"modified":"2018-11-15T09:44:41","modified_gmt":"2018-11-15T08:44:41","slug":"opel-pace-habra-lanzado-8-nuevos-modelos-para-2020","status":"publish","type":"post","link":"https:\/\/www.sibuscascoche.com\/noticias\/2018\/opel-pace-habra-lanzado-8-nuevos-modelos-para-2020\/","title":{"rendered":"Opel PACE habr\u00e1 lanzado 8 nuevos modelos para 2020"},"content":{"rendered":"<p>Despu\u00e9s de una \u00e9poca de cambios y de integraci\u00f3n dentro de PSA, la marca, que ya hab\u00eda trazado la estrategia PACE, parece renacida. Los n\u00fameros no mienten y Opel PACE ha hecho que la marca mejore sus previsiones aumentando la rentabilidad hacia la sostenibilidad absoluta.<\/p>\n<h4>Hasta 2020, ocho nuevos modelos<\/h4>\n<p>Y es que, aunque, los objetivos de Opel PACE tienen como meta el 2024, entre principios del 2019 y finales del 2020, Opel pretende <strong>lanzar ocho modelos entre nuevos y renovados<\/strong> para cumplir los objetivos. Toca ponerse las pilas para poder cumplir con la nueva normativa de emisiones Euro 6d-TEMP\u00a0 que implica la reducci\u00f3n estipulada por la Comisi\u00f3n Europea para las emisiones de CO2 en 2020.<\/p>\n<p><img loading=\"lazy\" decoding=\"async\" class=\"alignright size-medium wp-image-13705\" alt=\"Opel-GT-X-Experimental\" src=\"https:\/\/www.sibuscascoche.com\/noticias\/wp-content\/uploads\/2018\/11\/Opel-GT-X-Experimental-300x187.jpg\" width=\"300\" height=\"187\" srcset=\"https:\/\/www.sibuscascoche.com\/noticias\/wp-content\/uploads\/2018\/11\/Opel-GT-X-Experimental-300x187.jpg 300w, https:\/\/www.sibuscascoche.com\/noticias\/wp-content\/uploads\/2018\/11\/Opel-GT-X-Experimental.jpg 760w\" sizes=\"auto, (max-width: 300px) 100vw, 300px\" \/><\/p>\n<p>Tal y como ha explicado\u00a0Michael Lohscheller, presidente y consejero delegado de Opel:<em>\u00bb\u00a0<strong>Es nuestra responsabilidad dar forma a un futuro sostenible<\/strong> para nuestra empresa y nuestros distribuidores con una gama de productos altamente competitiva tanto en turismos como en veh\u00edculos comerciales ligeros\u00bb.<\/em><\/p>\n<p>Para el 2019 podremos ver, por ejemplo, el superventas de la marca, la nueva generaci\u00f3n de\u00a0<strong>Corsa<\/strong>\u00a0y si hablamos de veh\u00edculos comerciales ligeros,<strong> la furgoneta Vivaro<\/strong> ser\u00e1 la novedad tanto en su versi\u00f3n comercial como para pasajeros. En relaci\u00f3n a los SUV, el fabricante alem\u00e1n no se queda atr\u00e1s y planea sacar al mercado la nueva generaci\u00f3n del<strong> Opel Mokka X<\/strong> para 2020 dentro de su estrategia para aumentar hasta el 45%\u00a0 las ventas en esta categor\u00eda. Y aunque acaba de llegar, el modelo familiar del <strong>Combo Life<\/strong> contar\u00e1 con variantes nuevas y equipamientos mejorados.<\/p>\n<h4>Opel PACE: la electrificaci\u00f3n como objetivo<\/h4>\n<p>Dentro de los objetivos de Opel PACE , uno de los mayores desaf\u00edos asumidos ya en 2017, fue <strong>el compromiso de electrificar toda la oferta de la marca en 2024.<\/strong><\/p>\n<p>En este contexto, la marca abrir\u00e1 en verano de 2019 los pedidos para el <strong>Corsa 100% el\u00e9ctrico<\/strong> y el<strong>\u00a0Grandland X PHEV.<\/strong><\/p>\n<p><em>\u00abLos clientes se beneficiar\u00e1n de la amplia introducci\u00f3n de <strong>tecnolog\u00edas innovadoras y electrificaci\u00f3n asequible\u201d <\/strong><\/em>ha asegurado\u00a0\u00a0Lohscheller.<em><br \/>\n<\/em><\/p>\n<h4>La electrificaci\u00f3n conlleva sacrificios<\/h4>\n<p>La estrategia Opel PACE se centra en los modelos con mayor volumen y demanda. Para poder cumplir con los nuevos l\u00edmites de emisiones, Opel<strong> precindir\u00e1 de los modelos Karl, Cabrio y el Adam<\/strong> que s\u00f3lo podremos ver en los concesionarios hasta finales del 2019.<\/p>\n<p>Con estas medidas, Opel pretende asegurar su viabilidad en el mercado apostando por\u00a0 la rentabilidad de los segmentos m\u00e1s rentables y apostando por el I+D+I\u00a0 aprovechando las plataformas Grupo PSA.<\/p>\n<p>Con una estrategia centrada el cliente y en cumplir las restricciones de la\u00a0normativa de emisiones Euro 6d-TEMP, Opel pretende tranquilizar sobre la viabilidad de sus modelos renovados y las nuevas apuestas de la marca: <em>\u00abQuienquiera que compre un nuevo Opel ahora <strong>no debe temer una prohibici\u00f3n de conducir por el centro de cualquier ciudad desde la perspectiva de hoy en d\u00eda\u201d.<\/strong><\/em><\/p>\n<p><em>\u00a0<\/em><\/p>\n<p>&nbsp;<\/p>\n<p>&nbsp;<\/p>\n","protected":false},"excerpt":{"rendered":"<p>Despu\u00e9s de una \u00e9poca de cambios y de integraci\u00f3n dentro de PSA, la marca, que ya hab\u00eda trazado la estrategia PACE, parece renacida. Los n\u00fameros no mienten y Opel PACE<\/p>\n","protected":false},"author":6,"featured_media":13706,"comment_status":"closed","ping_status":"open","sticky":false,"template":"","format":"standard","meta":{"footnotes":""},"categories":[1,8],"tags":[1326,1325,1323,1324],"class_list":["post-13703","post","type-post","status-publish","format-standard","has-post-thumbnail","hentry","category-actualidad","category-lanzamientos","tag-emisiones-c02","tag-euro-6d-temp","tag-opel-pace","tag-pace"],"_links":{"self":[{"href":"https:\/\/www.sibuscascoche.com\/noticias\/wp-json\/wp\/v2\/posts\/13703","targetHints":{"allow":["GET"]}}],"collection":[{"href":"https:\/\/www.sibuscascoche.com\/noticias\/wp-json\/wp\/v2\/posts"}],"about":[{"href":"https:\/\/www.sibuscascoche.com\/noticias\/wp-json\/wp\/v2\/types\/post"}],"author":[{"embeddable":true,"href":"https:\/\/www.sibuscascoche.com\/noticias\/wp-json\/wp\/v2\/users\/6"}],"replies":[{"embeddable":true,"href":"https:\/\/www.sibuscascoche.com\/noticias\/wp-json\/wp\/v2\/comments?post=13703"}],"version-history":[{"count":4,"href":"https:\/\/www.sibuscascoche.com\/noticias\/wp-json\/wp\/v2\/posts\/13703\/revisions"}],"predecessor-version":[{"id":13709,"href":"https:\/\/www.sibuscascoche.com\/noticias\/wp-json\/wp\/v2\/posts\/13703\/revisions\/13709"}],"wp:featuredmedia":[{"embeddable":true,"href":"https:\/\/www.sibuscascoche.com\/noticias\/wp-json\/wp\/v2\/media\/13706"}],"wp:attachment":[{"href":"https:\/\/www.sibuscascoche.com\/noticias\/wp-json\/wp\/v2\/media?parent=13703"}],"wp:term":[{"taxonomy":"category","embeddable":true,"href":"https:\/\/www.sibuscascoche.com\/noticias\/wp-json\/wp\/v2\/categories?post=13703"},{"taxonomy":"post_tag","embeddable":true,"href":"https:\/\/www.sibuscascoche.com\/noticias\/wp-json\/wp\/v2\/tags?post=13703"}],"curies":[{"name":"wp","href":"https:\/\/api.w.org\/{rel}","templated":true}]}}